{"id":711,"date":"2026-04-22T04:34:29","date_gmt":"2026-04-22T04:34:29","guid":{"rendered":"https:\/\/www.radiocumbrequillota.cl\/?p=711"},"modified":"2026-04-22T04:34:29","modified_gmt":"2026-04-22T04:34:29","slug":"detienen-a-ladron-cuando-huia-con-el-botin-robado-de-una-casa-habitada-fuente-la-cruz-alerta","status":"publish","type":"post","link":"https:\/\/www.radiocumbrequillota.cl\/index.php\/2026\/04\/22\/detienen-a-ladron-cuando-huia-con-el-botin-robado-de-una-casa-habitada-fuente-la-cruz-alerta\/","title":{"rendered":"Detienen a ladr\u00f3n cuando hu\u00eda con el bot\u00edn robado de una casa habitada\/\/Fuente la Cruz Alerta"},"content":{"rendered":"<p>La labor del personal de\u00a0Seguridad P\u00fablica\u00a0en coordinaci\u00f3n con la\u00a0Central de C\u00e1maras de Vigilancia de La Calera logr\u00f3 la detenci\u00f3n de un sujeto que hu\u00eda, luego de robar en un domicilio habitado en el sector poniente de la ciudad.\u00a0\u00a0La acci\u00f3n ocurri\u00f3 en un hogar ubicado en las inmediaciones de las calles\u00a0Carrera y Choapa\u00a0y tras un r\u00e1pido y coordinado despliegue los inspectores municipales de seguridad lograron retener al sujeto, quien\u00a0manten\u00eda entre sus cosas, las especies que hab\u00eda robado. \u00a0Tras la retenci\u00f3n por parte de los funcionarios municipales, el retenido fue entregado a Carabineros, los que iniciaron el proceso posterior que permiti\u00f3 que el sujeto debiera enfrentar a la justicia acusado del delito de robo en un lugar habitado. Entretanto, las especies que conformaban el bot\u00edn que hab\u00eda logrado sustraer el ladr\u00f3n fueron devueltas a la familia v\u00edctima del robo frustrado por la acci\u00f3n coordinada de los equipos municipales de Seguridad P\u00fablica y el equipo de C\u00e1maras de La Calera<\/p>\n","protected":false},"excerpt":{"rendered":"<p>La labor del personal de\u00a0Seguridad P\u00fablica\u00a0en coordinaci\u00f3n con la\u00a0Central de C\u00e1maras de Vigilancia de La Calera logr\u00f3 la detenci\u00f3n de un sujeto que hu\u00eda, luego de robar en un domicilio habitado en el sector poniente de la ciudad.\u00a0\u00a0La acci\u00f3n ocurri\u00f3 en un hogar ubicado en las inmediaciones de las calles\u00a0Carrera y Choapa\u00a0y tras un r\u00e1pido&#8230;<\/p>\n","protected":false},"author":1,"featured_media":712,"comment_status":"open","ping_status":"open","sticky":false,"template":"","format":"standard","meta":{"footnotes":""},"categories":[9],"tags":[],"class_list":["post-711","post","type-post","status-publish","format-standard","has-post-thumbnail","hentry","category-calera"],"_links":{"self":[{"href":"https:\/\/www.radiocumbrequillota.cl\/index.php\/wp-json\/wp\/v2\/posts\/711","targetHints":{"allow":["GET"]}}],"collection":[{"href":"https:\/\/www.radiocumbrequillota.cl\/index.php\/wp-json\/wp\/v2\/posts"}],"about":[{"href":"https:\/\/www.radiocumbrequillota.cl\/index.php\/wp-json\/wp\/v2\/types\/post"}],"author":[{"embeddable":true,"href":"https:\/\/www.radiocumbrequillota.cl\/index.php\/wp-json\/wp\/v2\/users\/1"}],"replies":[{"embeddable":true,"href":"https:\/\/www.radiocumbrequillota.cl\/index.php\/wp-json\/wp\/v2\/comments?post=711"}],"version-history":[{"count":1,"href":"https:\/\/www.radiocumbrequillota.cl\/index.php\/wp-json\/wp\/v2\/posts\/711\/revisions"}],"predecessor-version":[{"id":713,"href":"https:\/\/www.radiocumbrequillota.cl\/index.php\/wp-json\/wp\/v2\/posts\/711\/revisions\/713"}],"wp:featuredmedia":[{"embeddable":true,"href":"https:\/\/www.radiocumbrequillota.cl\/index.php\/wp-json\/wp\/v2\/media\/712"}],"wp:attachment":[{"href":"https:\/\/www.radiocumbrequillota.cl\/index.php\/wp-json\/wp\/v2\/media?parent=711"}],"wp:term":[{"taxonomy":"category","embeddable":true,"href":"https:\/\/www.radiocumbrequillota.cl\/index.php\/wp-json\/wp\/v2\/categories?post=711"},{"taxonomy":"post_tag","embeddable":true,"href":"https:\/\/www.radiocumbrequillota.cl\/index.php\/wp-json\/wp\/v2\/tags?post=711"}],"curies":[{"name":"wp","href":"https:\/\/api.w.org\/{rel}","templated":true}]}}