{"id":717,"date":"2026-04-22T04:43:34","date_gmt":"2026-04-22T04:43:34","guid":{"rendered":"https:\/\/www.radiocumbrequillota.cl\/?p=717"},"modified":"2026-04-22T04:43:34","modified_gmt":"2026-04-22T04:43:34","slug":"san-luis-no-pudo-seguir-con-su-invicto-como-visita-al-caer-en-la-capital-por-la-liga-dos-del-basquetbol-nacional-fuente-cumbre-deportes","status":"publish","type":"post","link":"https:\/\/www.radiocumbrequillota.cl\/index.php\/2026\/04\/22\/san-luis-no-pudo-seguir-con-su-invicto-como-visita-al-caer-en-la-capital-por-la-liga-dos-del-basquetbol-nacional-fuente-cumbre-deportes\/","title":{"rendered":"San Luis no pudo seguir con su invicto como visita al caer en la capital por la Liga Dos del B\u00e1squetbol Nacional\/\/Fuente Cumbre Deportes"},"content":{"rendered":"<p class=\"my-2 [&amp;+p]:mt-4 [&amp;_strong:has(+br)]:inline-block [&amp;_strong:has(+br)]:pb-2\">San Luis sufri\u00f3 su\u00a0primera derrota como visitante\u00a0en la\u00a0Liga Dos del B\u00e1squetbol Nacional, luego de caer por\u00a091 a 82\u00a0ante\u00a0Sergio Ceppi en el Gimnasio de La Cisterna. El inicio fue cuesta arriba para los quillotanos, porque los capitalinos se impusieron con claridad en la primera mitad y llegaron al descanso con ventaja de 54 a 35, diferencia que termin\u00f3 siendo decisiva pese a la reacci\u00f3n visitante en el tramo final. Aunque San Luis mejor\u00f3 en el tercer cuarto y mostr\u00f3 una levantada en la recta final, no logr\u00f3 revertir la amplia desventaja construida por el elenco local en los primeros 20 minutos. Los m\u00e1ximos anotadores del conjunto canario fueron\u00a0Joao Oliveira\u00a0y\u00a0Andr\u00e9s Jaime, ambos con\u00a0<strong>17 <\/strong>puntos. Con esta ca\u00edda, San Luis qued\u00f3 en el\u00a0quinto lugar de la Zona B, que sigue siendo encabezada por\u00a0Sokol de Antofagasta\u00a0y\u00a0Stadio Italiano, ambos con\u00a07 puntos, seguidos por\u00a0Sergio Ceppi,\u00a0Luis Matte Larra\u00edn\u00a0y los canarios con\u00a06 unidades; m\u00e1s atr\u00e1s aparece Arturo Prat de San Felipe con 4. Ahora el equipo de Patricio Miranda\u00a0tendr\u00e1 que volver a la cancha estes\u00e1bado como local en Vi\u00f1a del Mar, donde recibir\u00e1 a\u00a0Stadio Italiano\u00a0por la quinta fecha de la fase grupal, en un duelo clave ante uno de los l\u00edderes del grupo.<\/p>\n","protected":false},"excerpt":{"rendered":"<p>San Luis sufri\u00f3 su\u00a0primera derrota como visitante\u00a0en la\u00a0Liga Dos del B\u00e1squetbol Nacional, luego de caer por\u00a091 a 82\u00a0ante\u00a0Sergio Ceppi en el Gimnasio de La Cisterna. El inicio fue cuesta arriba para los quillotanos, porque los capitalinos se impusieron con claridad en la primera mitad y llegaron al descanso con ventaja de 54 a 35, diferencia&#8230;<\/p>\n","protected":false},"author":1,"featured_media":718,"comment_status":"open","ping_status":"open","sticky":false,"template":"","format":"standard","meta":{"footnotes":""},"categories":[3],"tags":[],"class_list":["post-717","post","type-post","status-publish","format-standard","has-post-thumbnail","hentry","category-deportes"],"_links":{"self":[{"href":"https:\/\/www.radiocumbrequillota.cl\/index.php\/wp-json\/wp\/v2\/posts\/717","targetHints":{"allow":["GET"]}}],"collection":[{"href":"https:\/\/www.radiocumbrequillota.cl\/index.php\/wp-json\/wp\/v2\/posts"}],"about":[{"href":"https:\/\/www.radiocumbrequillota.cl\/index.php\/wp-json\/wp\/v2\/types\/post"}],"author":[{"embeddable":true,"href":"https:\/\/www.radiocumbrequillota.cl\/index.php\/wp-json\/wp\/v2\/users\/1"}],"replies":[{"embeddable":true,"href":"https:\/\/www.radiocumbrequillota.cl\/index.php\/wp-json\/wp\/v2\/comments?post=717"}],"version-history":[{"count":1,"href":"https:\/\/www.radiocumbrequillota.cl\/index.php\/wp-json\/wp\/v2\/posts\/717\/revisions"}],"predecessor-version":[{"id":719,"href":"https:\/\/www.radiocumbrequillota.cl\/index.php\/wp-json\/wp\/v2\/posts\/717\/revisions\/719"}],"wp:featuredmedia":[{"embeddable":true,"href":"https:\/\/www.radiocumbrequillota.cl\/index.php\/wp-json\/wp\/v2\/media\/718"}],"wp:attachment":[{"href":"https:\/\/www.radiocumbrequillota.cl\/index.php\/wp-json\/wp\/v2\/media?parent=717"}],"wp:term":[{"taxonomy":"category","embeddable":true,"href":"https:\/\/www.radiocumbrequillota.cl\/index.php\/wp-json\/wp\/v2\/categories?post=717"},{"taxonomy":"post_tag","embeddable":true,"href":"https:\/\/www.radiocumbrequillota.cl\/index.php\/wp-json\/wp\/v2\/tags?post=717"}],"curies":[{"name":"wp","href":"https:\/\/api.w.org\/{rel}","templated":true}]}}