{"id":720,"date":"2026-04-22T04:54:50","date_gmt":"2026-04-22T04:54:50","guid":{"rendered":"https:\/\/www.radiocumbrequillota.cl\/?p=720"},"modified":"2026-04-22T04:54:50","modified_gmt":"2026-04-22T04:54:50","slug":"la-noche-de-los-libros-llega-con-historias-ocultas-sobre-quillota-la-cruz-alerta","status":"publish","type":"post","link":"https:\/\/www.radiocumbrequillota.cl\/index.php\/2026\/04\/22\/la-noche-de-los-libros-llega-con-historias-ocultas-sobre-quillota-la-cruz-alerta\/","title":{"rendered":"\u201cLa Noche de los Libros\u201d llega con historias ocultas sobre Quillota\/\/La Cruz Alerta"},"content":{"rendered":"<p>El viernes 24 de abril se llevar\u00e1 a cabo la tercera versi\u00f3n de \u201cLa Noche de los Libros\u201d, un panorama con entrada liberada que estar\u00e1 disponible en el centro de Quillota La actividad es organizada por la Biblioteca P\u00fablica Melvin Jones, con ocasi\u00f3n de la celebraci\u00f3n del Mes del Libro. \u201cLa Noche de los Libros\u201d ser\u00e1 en la biblioteca municipal, que queda en la Casa Colonial de la calle San Mart\u00edn 336 de Quillota<strong>.<\/strong>\u00a0Esto es al lado de la sede del club deportivo San Luis, a unos pocos metros de la Plaza de Armas.<\/p>\n<p>Entre las 18:00 y las 21:00 del viernes, los asistentes podr\u00e1n disfrutar de narraciones de historias ocultas de la ciudad, a cargo de Quillotan\u00edsimo; la presentaci\u00f3n de un libro textil\u00a0del colectivo Tel\u00f3n de mil Colores;\u00a0m\u00fasica en vivo con el grupo \u201cVoces Amigas<strong>\u201d<\/strong>; venta de caf\u00e9s con tapa dura y blanda; pasteles y muffinsy la exhibici\u00f3n de cortometraje<strong>s<\/strong> ovacionados a nivel mundial. Hay otras atracciones preparadas para la cita, las que ser\u00e1n reveladas el mismo d\u00eda.<\/p>\n","protected":false},"excerpt":{"rendered":"<p>El viernes 24 de abril se llevar\u00e1 a cabo la tercera versi\u00f3n de \u201cLa Noche de los Libros\u201d, un panorama con entrada liberada que estar\u00e1 disponible en el centro de Quillota La actividad es organizada por la Biblioteca P\u00fablica Melvin Jones, con ocasi\u00f3n de la celebraci\u00f3n del Mes del Libro. \u201cLa Noche de los Libros\u201d&#8230;<\/p>\n","protected":false},"author":1,"featured_media":721,"comment_status":"open","ping_status":"open","sticky":false,"template":"","format":"standard","meta":{"footnotes":""},"categories":[6],"tags":[],"class_list":["post-720","post","type-post","status-publish","format-standard","has-post-thumbnail","hentry","category-quillota"],"_links":{"self":[{"href":"https:\/\/www.radiocumbrequillota.cl\/index.php\/wp-json\/wp\/v2\/posts\/720","targetHints":{"allow":["GET"]}}],"collection":[{"href":"https:\/\/www.radiocumbrequillota.cl\/index.php\/wp-json\/wp\/v2\/posts"}],"about":[{"href":"https:\/\/www.radiocumbrequillota.cl\/index.php\/wp-json\/wp\/v2\/types\/post"}],"author":[{"embeddable":true,"href":"https:\/\/www.radiocumbrequillota.cl\/index.php\/wp-json\/wp\/v2\/users\/1"}],"replies":[{"embeddable":true,"href":"https:\/\/www.radiocumbrequillota.cl\/index.php\/wp-json\/wp\/v2\/comments?post=720"}],"version-history":[{"count":1,"href":"https:\/\/www.radiocumbrequillota.cl\/index.php\/wp-json\/wp\/v2\/posts\/720\/revisions"}],"predecessor-version":[{"id":722,"href":"https:\/\/www.radiocumbrequillota.cl\/index.php\/wp-json\/wp\/v2\/posts\/720\/revisions\/722"}],"wp:featuredmedia":[{"embeddable":true,"href":"https:\/\/www.radiocumbrequillota.cl\/index.php\/wp-json\/wp\/v2\/media\/721"}],"wp:attachment":[{"href":"https:\/\/www.radiocumbrequillota.cl\/index.php\/wp-json\/wp\/v2\/media?parent=720"}],"wp:term":[{"taxonomy":"category","embeddable":true,"href":"https:\/\/www.radiocumbrequillota.cl\/index.php\/wp-json\/wp\/v2\/categories?post=720"},{"taxonomy":"post_tag","embeddable":true,"href":"https:\/\/www.radiocumbrequillota.cl\/index.php\/wp-json\/wp\/v2\/tags?post=720"}],"curies":[{"name":"wp","href":"https:\/\/api.w.org\/{rel}","templated":true}]}}