{"id":723,"date":"2026-04-22T04:58:02","date_gmt":"2026-04-22T04:58:02","guid":{"rendered":"https:\/\/www.radiocumbrequillota.cl\/?p=723"},"modified":"2026-04-22T04:58:02","modified_gmt":"2026-04-22T04:58:02","slug":"municipio-de-la-calera-sufrio-millonario-robo-de-panel-solar-fuente-la-cruz-alerta","status":"publish","type":"post","link":"https:\/\/www.radiocumbrequillota.cl\/index.php\/2026\/04\/22\/municipio-de-la-calera-sufrio-millonario-robo-de-panel-solar-fuente-la-cruz-alerta\/","title":{"rendered":"Municipio de La Calera sufri\u00f3 millonario robo de panel solar\/\/Fuente La Cruz Alerta"},"content":{"rendered":"<p>El lunes 20 de abril qued\u00f3 al descubierto un delito que afect\u00f3 a la Municipalidad de La Calera<strong>,<\/strong>\u00a0con la\u00a0sustracci\u00f3n de un panel solar y una bater\u00eda de gel de 200 Ah de 12v<strong>. <\/strong>Sujetos desconocidos rompieron la entrada a la caseta que alimenta las bases radiales, en el sector de antenas del cerro La Melonita, y desde all\u00ed,\u00a0<strong>s<\/strong>e llevaron en total tres paneles solares: uno del Municipio y dos de Samu, para lo cual cortaron los cables del sistema de alimentaci\u00f3n. A eso se suma la bater\u00eda de gel de la Municipalidad mencionada anteriormente. El director de Seguridad P\u00fablica de La Calera, Juan Astudillo, inform\u00f3 que este robo habr\u00eda ocurrido durante la jornada del\u00a0domingo pasado<strong>.<\/strong> Se hizo la denuncia correspondiente en Carabineros de la S\u00e9ptima Comisar\u00eda La Calera. Considerando los da\u00f1os materiales causados, sumado al aval\u00fao del panel solar, se estima que\u00a0la p\u00e9rdida es de aproximadamente $10 millones de pesos.<\/p>\n","protected":false},"excerpt":{"rendered":"<p>El lunes 20 de abril qued\u00f3 al descubierto un delito que afect\u00f3 a la Municipalidad de La Calera,\u00a0con la\u00a0sustracci\u00f3n de un panel solar y una bater\u00eda de gel de 200 Ah de 12v. Sujetos desconocidos rompieron la entrada a la caseta que alimenta las bases radiales, en el sector de antenas del cerro La Melonita,&#8230;<\/p>\n","protected":false},"author":1,"featured_media":724,"comment_status":"open","ping_status":"open","sticky":false,"template":"","format":"standard","meta":{"footnotes":""},"categories":[9],"tags":[],"class_list":["post-723","post","type-post","status-publish","format-standard","has-post-thumbnail","hentry","category-calera"],"_links":{"self":[{"href":"https:\/\/www.radiocumbrequillota.cl\/index.php\/wp-json\/wp\/v2\/posts\/723","targetHints":{"allow":["GET"]}}],"collection":[{"href":"https:\/\/www.radiocumbrequillota.cl\/index.php\/wp-json\/wp\/v2\/posts"}],"about":[{"href":"https:\/\/www.radiocumbrequillota.cl\/index.php\/wp-json\/wp\/v2\/types\/post"}],"author":[{"embeddable":true,"href":"https:\/\/www.radiocumbrequillota.cl\/index.php\/wp-json\/wp\/v2\/users\/1"}],"replies":[{"embeddable":true,"href":"https:\/\/www.radiocumbrequillota.cl\/index.php\/wp-json\/wp\/v2\/comments?post=723"}],"version-history":[{"count":1,"href":"https:\/\/www.radiocumbrequillota.cl\/index.php\/wp-json\/wp\/v2\/posts\/723\/revisions"}],"predecessor-version":[{"id":725,"href":"https:\/\/www.radiocumbrequillota.cl\/index.php\/wp-json\/wp\/v2\/posts\/723\/revisions\/725"}],"wp:featuredmedia":[{"embeddable":true,"href":"https:\/\/www.radiocumbrequillota.cl\/index.php\/wp-json\/wp\/v2\/media\/724"}],"wp:attachment":[{"href":"https:\/\/www.radiocumbrequillota.cl\/index.php\/wp-json\/wp\/v2\/media?parent=723"}],"wp:term":[{"taxonomy":"category","embeddable":true,"href":"https:\/\/www.radiocumbrequillota.cl\/index.php\/wp-json\/wp\/v2\/categories?post=723"},{"taxonomy":"post_tag","embeddable":true,"href":"https:\/\/www.radiocumbrequillota.cl\/index.php\/wp-json\/wp\/v2\/tags?post=723"}],"curies":[{"name":"wp","href":"https:\/\/api.w.org\/{rel}","templated":true}]}}