{"id":726,"date":"2026-04-22T05:02:02","date_gmt":"2026-04-22T05:02:02","guid":{"rendered":"https:\/\/www.radiocumbrequillota.cl\/?p=726"},"modified":"2026-04-22T05:02:02","modified_gmt":"2026-04-22T05:02:02","slug":"auto-se-incendio-en-el-centro-de-la-calera-fuente-la-cruz-alerta","status":"publish","type":"post","link":"https:\/\/www.radiocumbrequillota.cl\/index.php\/2026\/04\/22\/auto-se-incendio-en-el-centro-de-la-calera-fuente-la-cruz-alerta\/","title":{"rendered":"Auto se incendi\u00f3 en el centro de La Calera\/\/Fuente La Cruz Alerta"},"content":{"rendered":"<p>Poco antes del mediod\u00eda de este martes 21 de abril,\u00a0un veh\u00edculo de marca Chevrolet Spark se incendi\u00f3 en el centro de La Calera. Por causas que se investigan, las llamas comenzaron a salir de la zona del\u00a0motor del autom\u00f3vil<strong>,<\/strong>\u00a0que se encontraba en la\u00a0calle Zenteno, entre Prat y Carrera<strong>.<\/strong>\u00a0La situaci\u00f3n caus\u00f3 preocupaci\u00f3n y temor entre los vecinos y transe\u00fantes que estaban cerca.De inmediato se llam\u00f3 a Bomberos y a Gesti\u00f3n de Riesgo de la Municipalidad de La Calera, los que concurrieron al lugar y lograron apagar el fuego.<\/p>\n","protected":false},"excerpt":{"rendered":"<p>Poco antes del mediod\u00eda de este martes 21 de abril,\u00a0un veh\u00edculo de marca Chevrolet Spark se incendi\u00f3 en el centro de La Calera. Por causas que se investigan, las llamas comenzaron a salir de la zona del\u00a0motor del autom\u00f3vil,\u00a0que se encontraba en la\u00a0calle Zenteno, entre Prat y Carrera.\u00a0La situaci\u00f3n caus\u00f3 preocupaci\u00f3n y temor entre los&#8230;<\/p>\n","protected":false},"author":1,"featured_media":727,"comment_status":"open","ping_status":"open","sticky":false,"template":"","format":"standard","meta":{"footnotes":""},"categories":[9],"tags":[],"class_list":["post-726","post","type-post","status-publish","format-standard","has-post-thumbnail","hentry","category-calera"],"_links":{"self":[{"href":"https:\/\/www.radiocumbrequillota.cl\/index.php\/wp-json\/wp\/v2\/posts\/726","targetHints":{"allow":["GET"]}}],"collection":[{"href":"https:\/\/www.radiocumbrequillota.cl\/index.php\/wp-json\/wp\/v2\/posts"}],"about":[{"href":"https:\/\/www.radiocumbrequillota.cl\/index.php\/wp-json\/wp\/v2\/types\/post"}],"author":[{"embeddable":true,"href":"https:\/\/www.radiocumbrequillota.cl\/index.php\/wp-json\/wp\/v2\/users\/1"}],"replies":[{"embeddable":true,"href":"https:\/\/www.radiocumbrequillota.cl\/index.php\/wp-json\/wp\/v2\/comments?post=726"}],"version-history":[{"count":1,"href":"https:\/\/www.radiocumbrequillota.cl\/index.php\/wp-json\/wp\/v2\/posts\/726\/revisions"}],"predecessor-version":[{"id":728,"href":"https:\/\/www.radiocumbrequillota.cl\/index.php\/wp-json\/wp\/v2\/posts\/726\/revisions\/728"}],"wp:featuredmedia":[{"embeddable":true,"href":"https:\/\/www.radiocumbrequillota.cl\/index.php\/wp-json\/wp\/v2\/media\/727"}],"wp:attachment":[{"href":"https:\/\/www.radiocumbrequillota.cl\/index.php\/wp-json\/wp\/v2\/media?parent=726"}],"wp:term":[{"taxonomy":"category","embeddable":true,"href":"https:\/\/www.radiocumbrequillota.cl\/index.php\/wp-json\/wp\/v2\/categories?post=726"},{"taxonomy":"post_tag","embeddable":true,"href":"https:\/\/www.radiocumbrequillota.cl\/index.php\/wp-json\/wp\/v2\/tags?post=726"}],"curies":[{"name":"wp","href":"https:\/\/api.w.org\/{rel}","templated":true}]}}