{"id":729,"date":"2026-04-23T00:02:20","date_gmt":"2026-04-23T00:02:20","guid":{"rendered":"https:\/\/www.radiocumbrequillota.cl\/?p=729"},"modified":"2026-04-23T00:02:20","modified_gmt":"2026-04-23T00:02:20","slug":"condenan-a-integrantes-de-faccion-los-hijos-de-dios-tras-crimenes-en-quillota-fuente-la-cruz-alerta","status":"publish","type":"post","link":"https:\/\/www.radiocumbrequillota.cl\/index.php\/2026\/04\/23\/condenan-a-integrantes-de-faccion-los-hijos-de-dios-tras-crimenes-en-quillota-fuente-la-cruz-alerta\/","title":{"rendered":"condenan a integrantes de facci\u00f3n Los hijos de Dios tras cr\u00edmenes en Quillota  Fuente\/\/La Cruz Alerta"},"content":{"rendered":"<p>Durante esta jornada, el Tribunal de Oral en Lo Penal de Quillota dio a conocer la sentencia condenatoria respecto de cuatro integrantes de la violenta facci\u00f3n del Tren de Aragua conocida como \u00abLos hijos de Dios\u00bb. De acuerdo al fiscal Jos\u00e9 Uribe, jefe SAC de Valpara\u00edso, los imputados fueron condenados penas que superan los 116 a\u00f1os de prisi\u00f3n efectiva por delitos correspondientes a homicidio simple y calificado, adem\u00e1s de delitos por porte ilegal de armas de fuego, porte de municiones y robos. Lo anterior, corresponde a hechos ocurridos en 2023 y a comienzos del a\u00f1o 2024, \u00aben el contexto de intento de dominio territorial que realizaba la banda extranjera &#8216;Los hijos de Dios&#8217; en dicha comuna\u00bb, explic\u00f3 Uribe. Con estas altas condenas\u201d, agreg\u00f3 el fiscal &#8211; entre las que destacan dos de presidio perpetuo el Ministerio P\u00fablico est\u00e1 plenamente conforme por la sanci\u00f3n impuesta por el Tribunal Oral en Lo Penal para hechos tan graves\u201d, concluy\u00f3. Los condenados, todos adultos, son Sergio Galvis Moreno, Jonathan Badillo Cravajal, Leonardo Guevara D\u00edaz y Sergio Balladares Barrera. Entre ellos, dos son de nacionalidad venezolana, uno es de origen colombiano y otro chileno.<\/p>\n","protected":false},"excerpt":{"rendered":"<p>Durante esta jornada, el Tribunal de Oral en Lo Penal de Quillota dio a conocer la sentencia condenatoria respecto de cuatro integrantes de la violenta facci\u00f3n del Tren de Aragua conocida como \u00abLos hijos de Dios\u00bb. De acuerdo al fiscal Jos\u00e9 Uribe, jefe SAC de Valpara\u00edso, los imputados fueron condenados penas que superan los 116&#8230;<\/p>\n","protected":false},"author":1,"featured_media":730,"comment_status":"open","ping_status":"open","sticky":false,"template":"","format":"standard","meta":{"footnotes":""},"categories":[4],"tags":[],"class_list":["post-729","post","type-post","status-publish","format-standard","has-post-thumbnail","hentry","category-policial"],"_links":{"self":[{"href":"https:\/\/www.radiocumbrequillota.cl\/index.php\/wp-json\/wp\/v2\/posts\/729","targetHints":{"allow":["GET"]}}],"collection":[{"href":"https:\/\/www.radiocumbrequillota.cl\/index.php\/wp-json\/wp\/v2\/posts"}],"about":[{"href":"https:\/\/www.radiocumbrequillota.cl\/index.php\/wp-json\/wp\/v2\/types\/post"}],"author":[{"embeddable":true,"href":"https:\/\/www.radiocumbrequillota.cl\/index.php\/wp-json\/wp\/v2\/users\/1"}],"replies":[{"embeddable":true,"href":"https:\/\/www.radiocumbrequillota.cl\/index.php\/wp-json\/wp\/v2\/comments?post=729"}],"version-history":[{"count":1,"href":"https:\/\/www.radiocumbrequillota.cl\/index.php\/wp-json\/wp\/v2\/posts\/729\/revisions"}],"predecessor-version":[{"id":731,"href":"https:\/\/www.radiocumbrequillota.cl\/index.php\/wp-json\/wp\/v2\/posts\/729\/revisions\/731"}],"wp:featuredmedia":[{"embeddable":true,"href":"https:\/\/www.radiocumbrequillota.cl\/index.php\/wp-json\/wp\/v2\/media\/730"}],"wp:attachment":[{"href":"https:\/\/www.radiocumbrequillota.cl\/index.php\/wp-json\/wp\/v2\/media?parent=729"}],"wp:term":[{"taxonomy":"category","embeddable":true,"href":"https:\/\/www.radiocumbrequillota.cl\/index.php\/wp-json\/wp\/v2\/categories?post=729"},{"taxonomy":"post_tag","embeddable":true,"href":"https:\/\/www.radiocumbrequillota.cl\/index.php\/wp-json\/wp\/v2\/tags?post=729"}],"curies":[{"name":"wp","href":"https:\/\/api.w.org\/{rel}","templated":true}]}}