{"id":732,"date":"2026-04-23T00:08:39","date_gmt":"2026-04-23T00:08:39","guid":{"rendered":"https:\/\/www.radiocumbrequillota.cl\/?p=732"},"modified":"2026-04-23T00:08:39","modified_gmt":"2026-04-23T00:08:39","slug":"mantenia-otra-relacion-en-paralelo-ex-de-pamela-leiva-asegura-infidelidad-de-la-comediante-fuente-la-cruz-alerta","status":"publish","type":"post","link":"https:\/\/www.radiocumbrequillota.cl\/index.php\/2026\/04\/23\/mantenia-otra-relacion-en-paralelo-ex-de-pamela-leiva-asegura-infidelidad-de-la-comediante-fuente-la-cruz-alerta\/","title":{"rendered":"Manten\u00eda otra relaci\u00f3n en paralelo ex de Pamela Leiva asegura infidelidad de la comediante\/\/Fuente La Cruz Alerta"},"content":{"rendered":"<p>El nombre de Pamela Leiva se vio empa\u00f1ado por la acusaci\u00f3n de infidelidad que lanz\u00f3 su ex luego de que la humorista presentara a su actual pareja en el programa \u201cEl Desestrece. La relaci\u00f3n amorosa entre Leiva y el brasile\u00f1o termin\u00f3 en 2025, rompiendo un v\u00ednculo que dur\u00f3 varios a\u00f1os. En el programa Zona de Estrellas, comentaron que la comediante y su nuevo pololo, un cirujano dentista, tambi\u00e9n se conoc\u00edan y eran amigos desde hace a\u00f1os. Tras hacer p\u00fablico el romance, su ex, emiti\u00f3 expres\u00f3 a trav\u00e9s de un comunicado que: \u201cDurante tres a\u00f1os estuve en una relaci\u00f3n que comenz\u00f3 en un contexto complejo, pero que para m\u00ed fue real. Con el tiempo construimos una historia con momentos importantes y un v\u00ednculo que cre\u00ed sincero\u201d. Hoy todo cambi\u00f3, agreg\u00f3. \u201cSalieron a la luz pruebas -fotos y conversaciones- que confirman que esta persona manten\u00eda otra relaci\u00f3n en paralelo mientras segu\u00eda conmigo, sostuvo, apuntando a una falta de honestidad sostenida en el tiempo.<\/p>\n<p>&nbsp;<\/p>\n","protected":false},"excerpt":{"rendered":"<p>El nombre de Pamela Leiva se vio empa\u00f1ado por la acusaci\u00f3n de infidelidad que lanz\u00f3 su ex luego de que la humorista presentara a su actual pareja en el programa \u201cEl Desestrece. La relaci\u00f3n amorosa entre Leiva y el brasile\u00f1o termin\u00f3 en 2025, rompiendo un v\u00ednculo que dur\u00f3 varios a\u00f1os. En el programa Zona de&#8230;<\/p>\n","protected":false},"author":1,"featured_media":733,"comment_status":"open","ping_status":"open","sticky":false,"template":"","format":"standard","meta":{"footnotes":""},"categories":[5],"tags":[],"class_list":["post-732","post","type-post","status-publish","format-standard","has-post-thumbnail","hentry","category-espectaculos"],"_links":{"self":[{"href":"https:\/\/www.radiocumbrequillota.cl\/index.php\/wp-json\/wp\/v2\/posts\/732","targetHints":{"allow":["GET"]}}],"collection":[{"href":"https:\/\/www.radiocumbrequillota.cl\/index.php\/wp-json\/wp\/v2\/posts"}],"about":[{"href":"https:\/\/www.radiocumbrequillota.cl\/index.php\/wp-json\/wp\/v2\/types\/post"}],"author":[{"embeddable":true,"href":"https:\/\/www.radiocumbrequillota.cl\/index.php\/wp-json\/wp\/v2\/users\/1"}],"replies":[{"embeddable":true,"href":"https:\/\/www.radiocumbrequillota.cl\/index.php\/wp-json\/wp\/v2\/comments?post=732"}],"version-history":[{"count":1,"href":"https:\/\/www.radiocumbrequillota.cl\/index.php\/wp-json\/wp\/v2\/posts\/732\/revisions"}],"predecessor-version":[{"id":734,"href":"https:\/\/www.radiocumbrequillota.cl\/index.php\/wp-json\/wp\/v2\/posts\/732\/revisions\/734"}],"wp:featuredmedia":[{"embeddable":true,"href":"https:\/\/www.radiocumbrequillota.cl\/index.php\/wp-json\/wp\/v2\/media\/733"}],"wp:attachment":[{"href":"https:\/\/www.radiocumbrequillota.cl\/index.php\/wp-json\/wp\/v2\/media?parent=732"}],"wp:term":[{"taxonomy":"category","embeddable":true,"href":"https:\/\/www.radiocumbrequillota.cl\/index.php\/wp-json\/wp\/v2\/categories?post=732"},{"taxonomy":"post_tag","embeddable":true,"href":"https:\/\/www.radiocumbrequillota.cl\/index.php\/wp-json\/wp\/v2\/tags?post=732"}],"curies":[{"name":"wp","href":"https:\/\/api.w.org\/{rel}","templated":true}]}}