{"id":735,"date":"2026-04-23T00:24:27","date_gmt":"2026-04-23T00:24:27","guid":{"rendered":"https:\/\/www.radiocumbrequillota.cl\/?p=735"},"modified":"2026-04-23T00:24:27","modified_gmt":"2026-04-23T00:24:27","slug":"sanchez-y-posibilidad-de-jugar-en-santiago-ante-el-real-madrid-si-me-obligan-renuncio-y-no-participo-mas-fuente-cumbre-deportes","status":"publish","type":"post","link":"https:\/\/www.radiocumbrequillota.cl\/index.php\/2026\/04\/23\/sanchez-y-posibilidad-de-jugar-en-santiago-ante-el-real-madrid-si-me-obligan-renuncio-y-no-participo-mas-fuente-cumbre-deportes\/","title":{"rendered":"S\u00e1nchez y posibilidad de jugar en Santiago ante el Real Madrid Si me obligan, renuncio y no participo m\u00e1s\/\/Fuente Cumbre Deportes"},"content":{"rendered":"<p>M\u00e1s all\u00e1 de los feliz que lo dej\u00f3 el hecho de que sea el siempre poderoso Real Madrid de Espa\u00f1a el rival de Wanderers en la venidera Copa Intercontinental Sub 20 (\u00abesto s\u00f3lo lo hace Wanderers\u00bb, le dijo a la prensa capitalina al respecto), hay algo que tiene muy inquieto e incluso molesto al presidente del cuadro caturro, Reinaldo S\u00e1nchez Olivares, y es el tema econ\u00f3mico, ya que seg\u00fan lo recabado desde la propia instituci\u00f3n de avenida Independencia, la recaudaci\u00f3n del duelo entre porte\u00f1os y merengues (que deber\u00eda jugarse a estadio lleno en Valpara\u00edso o Santiago) quedar\u00eda de forma \u00edntegra en las arcas de Conmebol o la UEFA, que son los organizadores de espect\u00e1culo. Pero con qu\u00e9 nos vamos a frotar las manos si me dijeron que la recaudaci\u00f3n es de la Conmebol&#8230; si nosotros no hemos recibido ni un peso por esta cuesti\u00f3n\u00bb, coment\u00f3 un molesto S\u00e1nchez.<br \/>\nSobre la posibilidad y rumores de que el encuentro se pueda jugar en Santiago, el presidente caturro coment\u00f3: Se juega en Valpara\u00edso. A no ser que exigan Santiago los frescos de la Conmebol. Pero yo lo juego en Valpara\u00edso, si es la ciudad nuestra y yo se lo doy a la gente de ac\u00e1. Va a ser hist\u00f3rico, as\u00ed que me tendr\u00edan que obligar, pero ni eso. Si me obligan, renuncio y no participo m\u00e1s tambi\u00e9n. Ojal\u00e1 que no nos vayan a hacer esa barbaridad, ya que como no nos pagan nada, si la recaudaci\u00f3n del partido va a ser para ellos.<\/p>\n","protected":false},"excerpt":{"rendered":"<p>M\u00e1s all\u00e1 de los feliz que lo dej\u00f3 el hecho de que sea el siempre poderoso Real Madrid de Espa\u00f1a el rival de Wanderers en la venidera Copa Intercontinental Sub 20 (\u00abesto s\u00f3lo lo hace Wanderers\u00bb, le dijo a la prensa capitalina al respecto), hay algo que tiene muy inquieto e incluso molesto al presidente&#8230;<\/p>\n","protected":false},"author":1,"featured_media":736,"comment_status":"open","ping_status":"open","sticky":false,"template":"","format":"standard","meta":{"footnotes":""},"categories":[3],"tags":[],"class_list":["post-735","post","type-post","status-publish","format-standard","has-post-thumbnail","hentry","category-deportes"],"_links":{"self":[{"href":"https:\/\/www.radiocumbrequillota.cl\/index.php\/wp-json\/wp\/v2\/posts\/735","targetHints":{"allow":["GET"]}}],"collection":[{"href":"https:\/\/www.radiocumbrequillota.cl\/index.php\/wp-json\/wp\/v2\/posts"}],"about":[{"href":"https:\/\/www.radiocumbrequillota.cl\/index.php\/wp-json\/wp\/v2\/types\/post"}],"author":[{"embeddable":true,"href":"https:\/\/www.radiocumbrequillota.cl\/index.php\/wp-json\/wp\/v2\/users\/1"}],"replies":[{"embeddable":true,"href":"https:\/\/www.radiocumbrequillota.cl\/index.php\/wp-json\/wp\/v2\/comments?post=735"}],"version-history":[{"count":1,"href":"https:\/\/www.radiocumbrequillota.cl\/index.php\/wp-json\/wp\/v2\/posts\/735\/revisions"}],"predecessor-version":[{"id":737,"href":"https:\/\/www.radiocumbrequillota.cl\/index.php\/wp-json\/wp\/v2\/posts\/735\/revisions\/737"}],"wp:featuredmedia":[{"embeddable":true,"href":"https:\/\/www.radiocumbrequillota.cl\/index.php\/wp-json\/wp\/v2\/media\/736"}],"wp:attachment":[{"href":"https:\/\/www.radiocumbrequillota.cl\/index.php\/wp-json\/wp\/v2\/media?parent=735"}],"wp:term":[{"taxonomy":"category","embeddable":true,"href":"https:\/\/www.radiocumbrequillota.cl\/index.php\/wp-json\/wp\/v2\/categories?post=735"},{"taxonomy":"post_tag","embeddable":true,"href":"https:\/\/www.radiocumbrequillota.cl\/index.php\/wp-json\/wp\/v2\/tags?post=735"}],"curies":[{"name":"wp","href":"https:\/\/api.w.org\/{rel}","templated":true}]}}