{"id":738,"date":"2026-04-23T00:48:38","date_gmt":"2026-04-23T00:48:38","guid":{"rendered":"https:\/\/www.radiocumbrequillota.cl\/?p=738"},"modified":"2026-04-23T00:48:38","modified_gmt":"2026-04-23T00:48:38","slug":"conductora-que-llevaba-armas-causo-colision-cuando-huia-de-carabineros-la-cruz-alerta","status":"publish","type":"post","link":"https:\/\/www.radiocumbrequillota.cl\/index.php\/2026\/04\/23\/conductora-que-llevaba-armas-causo-colision-cuando-huia-de-carabineros-la-cruz-alerta\/","title":{"rendered":"Conductora que llevaba armas caus\u00f3 colisi\u00f3n cuando hu\u00eda de Carabineros\/\/La Cruz Alerta"},"content":{"rendered":"<p>Este mi\u00e9rcoles 22 de abril, Carabineros de la Cuarta Comisar\u00eda se llevaron detenida a una mujer por conducci\u00f3n temeraria, da\u00f1os en colisi\u00f3n, porte de arma de fuego e infracci\u00f3n a la Ley 20.000 (Ley de Drogas). Todo comenz\u00f3 a eso de las 12:15 del d\u00eda, cuando una patrulla mixta intent\u00f3 hacerle un\u00a0control vehicular\u00a0a una conductora que circulaba por el centro de Quillota, en la esquina de\u00a0Prat con Freire.\u00a0Sin embargo, la mujer evadi\u00f3 la fiscalizaci\u00f3n y\u00a0comenz\u00f3 a huir a toda velocidad. Los carabineros comenzaron a seguir su marcha, en la que la conductora\u00a0no respet\u00f3 los sem\u00e1foros\u00a0e incluso condujo\u00a0contra el sentido del tr\u00e1nsito. Durante la huida,\u00a0 la conductora colision\u00f3 con el veh\u00edculo particular de otra persona. Sin embargo, eso no detuvo a la mujer, quien continu\u00f3 alej\u00e1ndose de los polic\u00edas hasta llegar al exterior de la Tenencia La Cruz de Carabineros. Ah\u00ed no pudo seguir avanzando dado que los efectivos de esa unidad hab\u00edan producido congesti\u00f3n vehicular en el sector. Una vez que los polic\u00edas lograron fiscalizar a la mujer, procedieron a inspeccionar el veh\u00edculo, luego de la actitud sospechosa de la conductora, que asum\u00eda presumir la posible comisi\u00f3n de alg\u00fan delito.\u00a0 Dentro del auto se encontr\u00f3 un\u00a0arma de fuego<strong>,<\/strong>\u00a0marca Bruni,\u00a0adaptada para el disparo, con una munici\u00f3n de fogueo y otra adaptada sin percutar.\u00a0 Tambi\u00e9n se hall\u00f3 una sustancia vegetal de color verde, con caracter\u00edsticas similares a la marihuana.<\/p>\n<div class=\"code-block code-block-22\">\n<div id=\"sas_99435\">\n<div id=\"sas_1776904797858rnd\"><\/div>\n<\/div>\n<\/div>\n","protected":false},"excerpt":{"rendered":"<p>Este mi\u00e9rcoles 22 de abril, Carabineros de la Cuarta Comisar\u00eda se llevaron detenida a una mujer por conducci\u00f3n temeraria, da\u00f1os en colisi\u00f3n, porte de arma de fuego e infracci\u00f3n a la Ley 20.000 (Ley de Drogas). Todo comenz\u00f3 a eso de las 12:15 del d\u00eda, cuando una patrulla mixta intent\u00f3 hacerle un\u00a0control vehicular\u00a0a una conductora&#8230;<\/p>\n","protected":false},"author":1,"featured_media":739,"comment_status":"open","ping_status":"open","sticky":false,"template":"","format":"standard","meta":{"footnotes":""},"categories":[4],"tags":[],"class_list":["post-738","post","type-post","status-publish","format-standard","has-post-thumbnail","hentry","category-policial"],"_links":{"self":[{"href":"https:\/\/www.radiocumbrequillota.cl\/index.php\/wp-json\/wp\/v2\/posts\/738","targetHints":{"allow":["GET"]}}],"collection":[{"href":"https:\/\/www.radiocumbrequillota.cl\/index.php\/wp-json\/wp\/v2\/posts"}],"about":[{"href":"https:\/\/www.radiocumbrequillota.cl\/index.php\/wp-json\/wp\/v2\/types\/post"}],"author":[{"embeddable":true,"href":"https:\/\/www.radiocumbrequillota.cl\/index.php\/wp-json\/wp\/v2\/users\/1"}],"replies":[{"embeddable":true,"href":"https:\/\/www.radiocumbrequillota.cl\/index.php\/wp-json\/wp\/v2\/comments?post=738"}],"version-history":[{"count":1,"href":"https:\/\/www.radiocumbrequillota.cl\/index.php\/wp-json\/wp\/v2\/posts\/738\/revisions"}],"predecessor-version":[{"id":740,"href":"https:\/\/www.radiocumbrequillota.cl\/index.php\/wp-json\/wp\/v2\/posts\/738\/revisions\/740"}],"wp:featuredmedia":[{"embeddable":true,"href":"https:\/\/www.radiocumbrequillota.cl\/index.php\/wp-json\/wp\/v2\/media\/739"}],"wp:attachment":[{"href":"https:\/\/www.radiocumbrequillota.cl\/index.php\/wp-json\/wp\/v2\/media?parent=738"}],"wp:term":[{"taxonomy":"category","embeddable":true,"href":"https:\/\/www.radiocumbrequillota.cl\/index.php\/wp-json\/wp\/v2\/categories?post=738"},{"taxonomy":"post_tag","embeddable":true,"href":"https:\/\/www.radiocumbrequillota.cl\/index.php\/wp-json\/wp\/v2\/tags?post=738"}],"curies":[{"name":"wp","href":"https:\/\/api.w.org\/{rel}","templated":true}]}}