{"id":744,"date":"2026-04-23T01:09:06","date_gmt":"2026-04-23T01:09:06","guid":{"rendered":"https:\/\/www.radiocumbrequillota.cl\/?p=744"},"modified":"2026-04-23T01:09:06","modified_gmt":"2026-04-23T01:09:06","slug":"ladron-fue-atrapado-cuando-arrancaba-con-botin-robado-fuente-la-cruz-alerta","status":"publish","type":"post","link":"https:\/\/www.radiocumbrequillota.cl\/index.php\/2026\/04\/23\/ladron-fue-atrapado-cuando-arrancaba-con-botin-robado-fuente-la-cruz-alerta\/","title":{"rendered":"Ladr\u00f3n fue atrapado cuando arrancaba con bot\u00edn robado\/\/Fuente La Cruz Alerta"},"content":{"rendered":"<p>Un conocido ladr\u00f3n, con diez condenas anteriores y, dos por el delito robo en lugar habitado, fue enviado a prisi\u00f3n preventiva, luego que fuese sorprendido por una persona que pasaba por el lugar, cuando sal\u00eda del hogar donde hab\u00eda robado con varias herramientas, que hab\u00eda sustra\u00eddo desde un taller del due\u00f1o de casa. La acci\u00f3n delictual ocurri\u00f3 alrededor de las cinco de la madrugada, en un hogar del\u00a0sector poniente de La Calera, hasta donde el avezado ladr\u00f3n ingres\u00f3 por escalamiento de una reja perimetral de la residencia, donde la familia de la v\u00edctima se encontraba durmiendo y no se dieron cuenta de la presencia del delincuente. Sin embargo, cuando el ladr\u00f3n hu\u00eda del hogar -saltando nuevamente la reja del antejard\u00edn- con un saco de papel donde hab\u00eda escondido el bot\u00edn, fue avistado por un transe\u00fante, quien lo enfrent\u00f3 y lo retuvo valientemente hasta la llegada de Carabineros, que lo traslad\u00f3 hasta la comisar\u00eda y luego lo entreg\u00f3 a la justicia. Considerando los nutridos antecedentes delictuales del ladr\u00f3n -quien a\u00fan tiene otras causas a\u00fan sin condena- y la gravedad de los hechos en que incurri\u00f3, la Fiscal\u00eda de La Calera pidi\u00f3 la prisi\u00f3n preventiva del delincuente por ser un peligro para la sociedad y, ante la posibilidad de fuertes penas, tambi\u00e9n era posible la fuga. La petici\u00f3n fue acogida por el magistrado de turno del Tribunal de Garant\u00eda de La Calera, quien determin\u00f3 que el ladr\u00f3n, acusado de robo en lugar habitado, deb\u00eda ir a\u00a0prisi\u00f3n preventiva,\u00a0en espera de la resoluci\u00f3n de los casos que lo involucran y que, seguramente, lo mantendr\u00e1n en presidio por una larga temporada.<\/p>\n<div class=\"code-block code-block-22\">\n<div id=\"sas_99435\"><\/div>\n<\/div>\n","protected":false},"excerpt":{"rendered":"<p>Un conocido ladr\u00f3n, con diez condenas anteriores y, dos por el delito robo en lugar habitado, fue enviado a prisi\u00f3n preventiva, luego que fuese sorprendido por una persona que pasaba por el lugar, cuando sal\u00eda del hogar donde hab\u00eda robado con varias herramientas, que hab\u00eda sustra\u00eddo desde un taller del due\u00f1o de casa. La acci\u00f3n&#8230;<\/p>\n","protected":false},"author":1,"featured_media":745,"comment_status":"open","ping_status":"open","sticky":false,"template":"","format":"standard","meta":{"footnotes":""},"categories":[9],"tags":[],"class_list":["post-744","post","type-post","status-publish","format-standard","has-post-thumbnail","hentry","category-calera"],"_links":{"self":[{"href":"https:\/\/www.radiocumbrequillota.cl\/index.php\/wp-json\/wp\/v2\/posts\/744","targetHints":{"allow":["GET"]}}],"collection":[{"href":"https:\/\/www.radiocumbrequillota.cl\/index.php\/wp-json\/wp\/v2\/posts"}],"about":[{"href":"https:\/\/www.radiocumbrequillota.cl\/index.php\/wp-json\/wp\/v2\/types\/post"}],"author":[{"embeddable":true,"href":"https:\/\/www.radiocumbrequillota.cl\/index.php\/wp-json\/wp\/v2\/users\/1"}],"replies":[{"embeddable":true,"href":"https:\/\/www.radiocumbrequillota.cl\/index.php\/wp-json\/wp\/v2\/comments?post=744"}],"version-history":[{"count":1,"href":"https:\/\/www.radiocumbrequillota.cl\/index.php\/wp-json\/wp\/v2\/posts\/744\/revisions"}],"predecessor-version":[{"id":746,"href":"https:\/\/www.radiocumbrequillota.cl\/index.php\/wp-json\/wp\/v2\/posts\/744\/revisions\/746"}],"wp:featuredmedia":[{"embeddable":true,"href":"https:\/\/www.radiocumbrequillota.cl\/index.php\/wp-json\/wp\/v2\/media\/745"}],"wp:attachment":[{"href":"https:\/\/www.radiocumbrequillota.cl\/index.php\/wp-json\/wp\/v2\/media?parent=744"}],"wp:term":[{"taxonomy":"category","embeddable":true,"href":"https:\/\/www.radiocumbrequillota.cl\/index.php\/wp-json\/wp\/v2\/categories?post=744"},{"taxonomy":"post_tag","embeddable":true,"href":"https:\/\/www.radiocumbrequillota.cl\/index.php\/wp-json\/wp\/v2\/tags?post=744"}],"curies":[{"name":"wp","href":"https:\/\/api.w.org\/{rel}","templated":true}]}}