{"id":747,"date":"2026-04-23T01:19:20","date_gmt":"2026-04-23T01:19:20","guid":{"rendered":"https:\/\/www.radiocumbrequillota.cl\/?p=747"},"modified":"2026-04-23T01:19:20","modified_gmt":"2026-04-23T01:19:20","slug":"extienden-detencion-de-sospechoso-de-matar-a-sus-padres-fuente-la-cruz-alerta","status":"publish","type":"post","link":"https:\/\/www.radiocumbrequillota.cl\/index.php\/2026\/04\/23\/extienden-detencion-de-sospechoso-de-matar-a-sus-padres-fuente-la-cruz-alerta\/","title":{"rendered":"Extienden detenci\u00f3n de sospechoso de matar a sus padres\/\/Fuente La Cruz Alerta"},"content":{"rendered":"<p>Este 22 de abril el Juzgado de Garant\u00eda de San Antonio\u00a0ampli\u00f3 la detenci\u00f3n de un hombre de 24 a\u00f1os, quien es apuntado como el presunto autor del delito de parricidio, el que dej\u00f3 dos v\u00edctimas fatales un hombre y una mujer adultos, quienes <strong>e<\/strong>ran\u00a0el padre y la madre, respectivamente, del sospechoso. El crimen ocurri\u00f3 en undomicilio de la localidad de Llolleo Alto, dentro de la comuna de San Antonio. Los cuerpos de los fallecidos presentaban m\u00faltiples heridas provocadas por un arma cortante. En la audiencia de control de detenci\u00f3n, el magistrado de Garant\u00eda de San Antonio declar\u00f3 legal el arresto del hijo de las v\u00edctimas. Como a\u00fan faltan por estar listos dos informes relacionados a este crimen, el Ministerio P\u00fablico solicit\u00f3 que se extendiera la detenci\u00f3n del sospechoso. El Juzgado acogi\u00f3 la petici\u00f3n de la Fiscal\u00eda yfij\u00f3 la audiencia de formalizaci\u00f3n del hombre para el jueves 23 de abril a las 11:00 de la ma\u00f1ana.En esa instancia se conocer\u00e1n las medidas cautelares que se dictar\u00e1n en su contra, los cargos exactos que se le imputar\u00e1n y el plazo para desarrollar la investigaci\u00f3n.<\/p>\n","protected":false},"excerpt":{"rendered":"<p>Este 22 de abril el Juzgado de Garant\u00eda de San Antonio\u00a0ampli\u00f3 la detenci\u00f3n de un hombre de 24 a\u00f1os, quien es apuntado como el presunto autor del delito de parricidio, el que dej\u00f3 dos v\u00edctimas fatales un hombre y una mujer adultos, quienes eran\u00a0el padre y la madre, respectivamente, del sospechoso. El crimen ocurri\u00f3 en&#8230;<\/p>\n","protected":false},"author":1,"featured_media":748,"comment_status":"open","ping_status":"open","sticky":false,"template":"","format":"standard","meta":{"footnotes":""},"categories":[4],"tags":[],"class_list":["post-747","post","type-post","status-publish","format-standard","has-post-thumbnail","hentry","category-policial"],"_links":{"self":[{"href":"https:\/\/www.radiocumbrequillota.cl\/index.php\/wp-json\/wp\/v2\/posts\/747","targetHints":{"allow":["GET"]}}],"collection":[{"href":"https:\/\/www.radiocumbrequillota.cl\/index.php\/wp-json\/wp\/v2\/posts"}],"about":[{"href":"https:\/\/www.radiocumbrequillota.cl\/index.php\/wp-json\/wp\/v2\/types\/post"}],"author":[{"embeddable":true,"href":"https:\/\/www.radiocumbrequillota.cl\/index.php\/wp-json\/wp\/v2\/users\/1"}],"replies":[{"embeddable":true,"href":"https:\/\/www.radiocumbrequillota.cl\/index.php\/wp-json\/wp\/v2\/comments?post=747"}],"version-history":[{"count":1,"href":"https:\/\/www.radiocumbrequillota.cl\/index.php\/wp-json\/wp\/v2\/posts\/747\/revisions"}],"predecessor-version":[{"id":749,"href":"https:\/\/www.radiocumbrequillota.cl\/index.php\/wp-json\/wp\/v2\/posts\/747\/revisions\/749"}],"wp:featuredmedia":[{"embeddable":true,"href":"https:\/\/www.radiocumbrequillota.cl\/index.php\/wp-json\/wp\/v2\/media\/748"}],"wp:attachment":[{"href":"https:\/\/www.radiocumbrequillota.cl\/index.php\/wp-json\/wp\/v2\/media?parent=747"}],"wp:term":[{"taxonomy":"category","embeddable":true,"href":"https:\/\/www.radiocumbrequillota.cl\/index.php\/wp-json\/wp\/v2\/categories?post=747"},{"taxonomy":"post_tag","embeddable":true,"href":"https:\/\/www.radiocumbrequillota.cl\/index.php\/wp-json\/wp\/v2\/tags?post=747"}],"curies":[{"name":"wp","href":"https:\/\/api.w.org\/{rel}","templated":true}]}}