{"id":750,"date":"2026-04-23T01:31:19","date_gmt":"2026-04-23T01:31:19","guid":{"rendered":"https:\/\/www.radiocumbrequillota.cl\/?p=750"},"modified":"2026-04-23T01:31:19","modified_gmt":"2026-04-23T01:31:19","slug":"la-cruz-se-anticipa-a-lluvias-intensas-con-intervencion-en-puntos-criticos-y-despliegue-en-terreno-fuente-la-cruz-alerta","status":"publish","type":"post","link":"https:\/\/www.radiocumbrequillota.cl\/index.php\/2026\/04\/23\/la-cruz-se-anticipa-a-lluvias-intensas-con-intervencion-en-puntos-criticos-y-despliegue-en-terreno-fuente-la-cruz-alerta\/","title":{"rendered":"La Cruz se anticipa a lluvias intensas con intervenci\u00f3n en puntos cr\u00edticos y despliegue en terreno \/\/Fuente La Cruz Alerta"},"content":{"rendered":"<p>Ante el pron\u00f3stico de un invierno marcado por lluvias intensas en la zona, la comuna de La Cruz activ\u00f3 su plan invierno 2026 con un despliegue preventivo que pone el foco en los sectores hist\u00f3ricamente m\u00e1s vulnerables, combinando trabajo en terreno, coordinaci\u00f3n institucional y medidas anticipadas para mitigar riesgos. En esa l\u00ednea, la alcaldesa Filomena Navia Hevia, quien encabez\u00f3 el comit\u00e9, destac\u00f3 el trabajo previo y el aprendizaje de eventos anteriores. Hoy d\u00eda nos pudimos coordinar, pudimos tambi\u00e9n sacar conclusiones de las emergencias anteriores (\u2026) y hay una buena disposici\u00f3n del trabajo con todos los equipos, agreg\u00f3. Uno de los ejes principales del plan es la intervenci\u00f3n directa en puntos cr\u00edticos. En ese contexto,\u00a0sectores como Lo Rojas ya han sido objeto de acciones preventivas, incluyendo refuerzos en zonas propensas a desprendimientos de terreno, mediante gestiones coordinadas con el Ministerio de Obras P\u00fablicas. En paralelo, el municipio avanza con labores concretas en terreno. Desde la Unidad de Gesti\u00f3n de Riesgos y Desastres, se dispuso una cuadrilla dedicada exclusivamente a tareas preventivas, centradas en la limpieza de desag\u00fces y la preparaci\u00f3n de infraestructura clave para enfrentar precipitaciones intensas. A ello se suma la disponibilidad de equipamiento especializado para responder ante emergencias asociadas a condiciones clim\u00e1ticas adversas.\u00a0 Desde la Unidad de Gesti\u00f3n de Riesgos y Desastres, su encargada Jessica Osorio detall\u00f3 que el trabajo se est\u00e1 enfocando en la prevenci\u00f3n en terreno. Estamos abordando los puntos cr\u00edticos de la comuna\u00a0 buscando las maneras preventivas para poder realizar un trabajo efectivo, explic\u00f3.<\/p>\n","protected":false},"excerpt":{"rendered":"<p>Ante el pron\u00f3stico de un invierno marcado por lluvias intensas en la zona, la comuna de La Cruz activ\u00f3 su plan invierno 2026 con un despliegue preventivo que pone el foco en los sectores hist\u00f3ricamente m\u00e1s vulnerables, combinando trabajo en terreno, coordinaci\u00f3n institucional y medidas anticipadas para mitigar riesgos. En esa l\u00ednea, la alcaldesa Filomena&#8230;<\/p>\n","protected":false},"author":1,"featured_media":751,"comment_status":"open","ping_status":"open","sticky":false,"template":"","format":"standard","meta":{"footnotes":""},"categories":[8],"tags":[],"class_list":["post-750","post","type-post","status-publish","format-standard","has-post-thumbnail","hentry","category-la-cruz"],"_links":{"self":[{"href":"https:\/\/www.radiocumbrequillota.cl\/index.php\/wp-json\/wp\/v2\/posts\/750","targetHints":{"allow":["GET"]}}],"collection":[{"href":"https:\/\/www.radiocumbrequillota.cl\/index.php\/wp-json\/wp\/v2\/posts"}],"about":[{"href":"https:\/\/www.radiocumbrequillota.cl\/index.php\/wp-json\/wp\/v2\/types\/post"}],"author":[{"embeddable":true,"href":"https:\/\/www.radiocumbrequillota.cl\/index.php\/wp-json\/wp\/v2\/users\/1"}],"replies":[{"embeddable":true,"href":"https:\/\/www.radiocumbrequillota.cl\/index.php\/wp-json\/wp\/v2\/comments?post=750"}],"version-history":[{"count":1,"href":"https:\/\/www.radiocumbrequillota.cl\/index.php\/wp-json\/wp\/v2\/posts\/750\/revisions"}],"predecessor-version":[{"id":752,"href":"https:\/\/www.radiocumbrequillota.cl\/index.php\/wp-json\/wp\/v2\/posts\/750\/revisions\/752"}],"wp:featuredmedia":[{"embeddable":true,"href":"https:\/\/www.radiocumbrequillota.cl\/index.php\/wp-json\/wp\/v2\/media\/751"}],"wp:attachment":[{"href":"https:\/\/www.radiocumbrequillota.cl\/index.php\/wp-json\/wp\/v2\/media?parent=750"}],"wp:term":[{"taxonomy":"category","embeddable":true,"href":"https:\/\/www.radiocumbrequillota.cl\/index.php\/wp-json\/wp\/v2\/categories?post=750"},{"taxonomy":"post_tag","embeddable":true,"href":"https:\/\/www.radiocumbrequillota.cl\/index.php\/wp-json\/wp\/v2\/tags?post=750"}],"curies":[{"name":"wp","href":"https:\/\/api.w.org\/{rel}","templated":true}]}}