{"id":753,"date":"2026-04-23T01:38:10","date_gmt":"2026-04-23T01:38:10","guid":{"rendered":"https:\/\/www.radiocumbrequillota.cl\/?p=753"},"modified":"2026-04-23T01:38:10","modified_gmt":"2026-04-23T01:38:10","slug":"hospital-biprovincial-llama-a-llevar-a-vacunar-a-lactantes-contra-el-virus-respiratorio-sincicial-fuente-la-cruz-alerta","status":"publish","type":"post","link":"https:\/\/www.radiocumbrequillota.cl\/index.php\/2026\/04\/23\/hospital-biprovincial-llama-a-llevar-a-vacunar-a-lactantes-contra-el-virus-respiratorio-sincicial-fuente-la-cruz-alerta\/","title":{"rendered":"Hospital Biprovincial llama a llevar a vacunar a lactantes contra el Virus Respiratorio Sincicial\/\/Fuente La Cruz Alerta"},"content":{"rendered":"<p>En el Hospital Biprovincial\u00a0 Quillota Petorca se est\u00e1 colocando la vacuna preventiva del Virus Respiratorio Sincicial a\u00a0 reci\u00e9n nacidos y menores de un a\u00f1o, como una forma de prevenir contagios y complicaciones graves por la enfermedad. Con la llegada del oto\u00f1o y del invierno,\u00a0el Virus\u00a0Respiratorio Sincicial (VRS) aumenta su circulaci\u00f3n y aparece como una amenaza para la salud de beb\u00e9s, ni\u00f1os y ni\u00f1as.\u00a0Este virus es una de las principales causas de infecci\u00f3n respiratoria aguda en infancia y tambi\u00e9n\u00a0es la\u00a0primera causa de hospitalizaci\u00f3n en lactantes. Desde el a\u00f1o 2024 est\u00e1 incorporada la vacunaci\u00f3n contra el VRS como una pol\u00edtica p\u00fablica universal, con la inmunizaci\u00f3n con el anticuerpo monoclonal para reci\u00e9n nacidos y lactantes. El impacto de la medida ha sido positivo, ya que redujeron las tasas de hospitalizaci\u00f3n y durante las dos primeras temporadas no se registraron fallecimientos asociados a este virus que es altamente contagioso.<\/p>\n","protected":false},"excerpt":{"rendered":"<p>En el Hospital Biprovincial\u00a0 Quillota Petorca se est\u00e1 colocando la vacuna preventiva del Virus Respiratorio Sincicial a\u00a0 reci\u00e9n nacidos y menores de un a\u00f1o, como una forma de prevenir contagios y complicaciones graves por la enfermedad. Con la llegada del oto\u00f1o y del invierno,\u00a0el Virus\u00a0Respiratorio Sincicial (VRS) aumenta su circulaci\u00f3n y aparece como una amenaza&#8230;<\/p>\n","protected":false},"author":1,"featured_media":754,"comment_status":"open","ping_status":"open","sticky":false,"template":"","format":"standard","meta":{"footnotes":""},"categories":[6],"tags":[],"class_list":["post-753","post","type-post","status-publish","format-standard","has-post-thumbnail","hentry","category-quillota"],"_links":{"self":[{"href":"https:\/\/www.radiocumbrequillota.cl\/index.php\/wp-json\/wp\/v2\/posts\/753","targetHints":{"allow":["GET"]}}],"collection":[{"href":"https:\/\/www.radiocumbrequillota.cl\/index.php\/wp-json\/wp\/v2\/posts"}],"about":[{"href":"https:\/\/www.radiocumbrequillota.cl\/index.php\/wp-json\/wp\/v2\/types\/post"}],"author":[{"embeddable":true,"href":"https:\/\/www.radiocumbrequillota.cl\/index.php\/wp-json\/wp\/v2\/users\/1"}],"replies":[{"embeddable":true,"href":"https:\/\/www.radiocumbrequillota.cl\/index.php\/wp-json\/wp\/v2\/comments?post=753"}],"version-history":[{"count":1,"href":"https:\/\/www.radiocumbrequillota.cl\/index.php\/wp-json\/wp\/v2\/posts\/753\/revisions"}],"predecessor-version":[{"id":755,"href":"https:\/\/www.radiocumbrequillota.cl\/index.php\/wp-json\/wp\/v2\/posts\/753\/revisions\/755"}],"wp:featuredmedia":[{"embeddable":true,"href":"https:\/\/www.radiocumbrequillota.cl\/index.php\/wp-json\/wp\/v2\/media\/754"}],"wp:attachment":[{"href":"https:\/\/www.radiocumbrequillota.cl\/index.php\/wp-json\/wp\/v2\/media?parent=753"}],"wp:term":[{"taxonomy":"category","embeddable":true,"href":"https:\/\/www.radiocumbrequillota.cl\/index.php\/wp-json\/wp\/v2\/categories?post=753"},{"taxonomy":"post_tag","embeddable":true,"href":"https:\/\/www.radiocumbrequillota.cl\/index.php\/wp-json\/wp\/v2\/tags?post=753"}],"curies":[{"name":"wp","href":"https:\/\/api.w.org\/{rel}","templated":true}]}}