{"id":756,"date":"2026-04-23T02:02:35","date_gmt":"2026-04-23T02:02:35","guid":{"rendered":"https:\/\/www.radiocumbrequillota.cl\/?p=756"},"modified":"2026-04-23T02:02:35","modified_gmt":"2026-04-23T02:02:35","slug":"colision-con-volcamiento-en-el-sector-de-la-tetera-fuente-la-cruz-alerta","status":"publish","type":"post","link":"https:\/\/www.radiocumbrequillota.cl\/index.php\/2026\/04\/23\/colision-con-volcamiento-en-el-sector-de-la-tetera-fuente-la-cruz-alerta\/","title":{"rendered":"Colisi\u00f3n Con Volcamiento en el Sector De La Tetera\/\/Fuente La Cruz Alerta"},"content":{"rendered":"<p>Un accidente de tr\u00e1nsito moviliz\u00f3 a equipos de emergencia en Quillota, luego de una colisi\u00f3n entre dos veh\u00edculos menores en la intersecci\u00f3n de calle Arauco con la Ruta F-382, en el sector paso nivel interior de La Tetera.<br class=\"html-br\" \/>Producto del impacto, uno de los autom\u00f3viles volc\u00f3, generando un amplio despliegue de Bomberos y personal del SAMU. Las unidades M-23 y M-32 acudieron al lugar para realizar labores de rescate y atenci\u00f3n de posibles lesionados.<\/p>\n","protected":false},"excerpt":{"rendered":"<p>Un accidente de tr\u00e1nsito moviliz\u00f3 a equipos de emergencia en Quillota, luego de una colisi\u00f3n entre dos veh\u00edculos menores en la intersecci\u00f3n de calle Arauco con la Ruta F-382, en el sector paso nivel interior de La Tetera.Producto del impacto, uno de los autom\u00f3viles volc\u00f3, generando un amplio despliegue de Bomberos y personal del SAMU&#8230;.<\/p>\n","protected":false},"author":1,"featured_media":757,"comment_status":"open","ping_status":"open","sticky":false,"template":"","format":"standard","meta":{"footnotes":""},"categories":[6],"tags":[],"class_list":["post-756","post","type-post","status-publish","format-standard","has-post-thumbnail","hentry","category-quillota"],"_links":{"self":[{"href":"https:\/\/www.radiocumbrequillota.cl\/index.php\/wp-json\/wp\/v2\/posts\/756","targetHints":{"allow":["GET"]}}],"collection":[{"href":"https:\/\/www.radiocumbrequillota.cl\/index.php\/wp-json\/wp\/v2\/posts"}],"about":[{"href":"https:\/\/www.radiocumbrequillota.cl\/index.php\/wp-json\/wp\/v2\/types\/post"}],"author":[{"embeddable":true,"href":"https:\/\/www.radiocumbrequillota.cl\/index.php\/wp-json\/wp\/v2\/users\/1"}],"replies":[{"embeddable":true,"href":"https:\/\/www.radiocumbrequillota.cl\/index.php\/wp-json\/wp\/v2\/comments?post=756"}],"version-history":[{"count":1,"href":"https:\/\/www.radiocumbrequillota.cl\/index.php\/wp-json\/wp\/v2\/posts\/756\/revisions"}],"predecessor-version":[{"id":758,"href":"https:\/\/www.radiocumbrequillota.cl\/index.php\/wp-json\/wp\/v2\/posts\/756\/revisions\/758"}],"wp:featuredmedia":[{"embeddable":true,"href":"https:\/\/www.radiocumbrequillota.cl\/index.php\/wp-json\/wp\/v2\/media\/757"}],"wp:attachment":[{"href":"https:\/\/www.radiocumbrequillota.cl\/index.php\/wp-json\/wp\/v2\/media?parent=756"}],"wp:term":[{"taxonomy":"category","embeddable":true,"href":"https:\/\/www.radiocumbrequillota.cl\/index.php\/wp-json\/wp\/v2\/categories?post=756"},{"taxonomy":"post_tag","embeddable":true,"href":"https:\/\/www.radiocumbrequillota.cl\/index.php\/wp-json\/wp\/v2\/tags?post=756"}],"curies":[{"name":"wp","href":"https:\/\/api.w.org\/{rel}","templated":true}]}}