{"id":759,"date":"2026-04-23T13:52:07","date_gmt":"2026-04-23T13:52:07","guid":{"rendered":"https:\/\/www.radiocumbrequillota.cl\/?p=759"},"modified":"2026-04-23T13:52:07","modified_gmt":"2026-04-23T13:52:07","slug":"imputado-por-parricidio-de-sus-padres-murio-en-la-carcel-de-san-antonio-fuente-la-cruz-alerta","status":"publish","type":"post","link":"https:\/\/www.radiocumbrequillota.cl\/index.php\/2026\/04\/23\/imputado-por-parricidio-de-sus-padres-murio-en-la-carcel-de-san-antonio-fuente-la-cruz-alerta\/","title":{"rendered":"Imputado por parricidio de sus padres muri\u00f3 en la c\u00e1rcel de San Antonio\/\/Fuente La Cruz Alerta"},"content":{"rendered":"<p>Un giro total marc\u00f3 el caso del doble parricidio que impact\u00f3 esta semana a la localidad de Llolleo Alto en la comuna de San Antonio, luego que el principal imputado, un joven de 25 a\u00f1os, fuera encontrado muerto al interior del Centro de Cumplimiento Penitenciario (CCP) de la ciudad, donde permanec\u00eda a la espera de su formalizaci\u00f3n. El hecho qued\u00f3 al descubierto cerca de las 22:40 horas del mi\u00e9rcoles, cuando un funcionario de Gendarmer\u00eda que realizaba una ronda nocturna en el sector de celdas de aislamiento preventivo detect\u00f3 que el interno se encontraba suspendido al interior de su celda y sin signos vitales. De acuerdo con lo informado por la Fiscal\u00eda la denuncia ingres\u00f3 cerca de las 23:00 horas al Turno Regional de Instrucci\u00f3n y Flagrancia, tras el reporte del personal penitenciario, lo que permiti\u00f3 activar de inmediato los protocolos correspondientes. El Ministerio P\u00fablico instruy\u00f3 el aislamiento del sitio del suceso, la concurrencia de la Brigada de Homicidios de la PDI y la realizaci\u00f3n de la autopsia conforme al Protocolo de Minnesota, que regula la investigaci\u00f3n de muertes bajo custodia del Estado. En ese contexto, y tras las primeras diligencias realizadas por la PDI, se inform\u00f3 como causa probable del fallecimiento una asfixia por ahorcamiento de tipo suicida, antecedente que deber\u00e1 ser confirmado por el Servicio M\u00e9dico Legal.<\/p>\n","protected":false},"excerpt":{"rendered":"<p>Un giro total marc\u00f3 el caso del doble parricidio que impact\u00f3 esta semana a la localidad de Llolleo Alto en la comuna de San Antonio, luego que el principal imputado, un joven de 25 a\u00f1os, fuera encontrado muerto al interior del Centro de Cumplimiento Penitenciario (CCP) de la ciudad, donde permanec\u00eda a la espera de&#8230;<\/p>\n","protected":false},"author":1,"featured_media":760,"comment_status":"open","ping_status":"open","sticky":false,"template":"","format":"standard","meta":{"footnotes":""},"categories":[4],"tags":[],"class_list":["post-759","post","type-post","status-publish","format-standard","has-post-thumbnail","hentry","category-policial"],"_links":{"self":[{"href":"https:\/\/www.radiocumbrequillota.cl\/index.php\/wp-json\/wp\/v2\/posts\/759","targetHints":{"allow":["GET"]}}],"collection":[{"href":"https:\/\/www.radiocumbrequillota.cl\/index.php\/wp-json\/wp\/v2\/posts"}],"about":[{"href":"https:\/\/www.radiocumbrequillota.cl\/index.php\/wp-json\/wp\/v2\/types\/post"}],"author":[{"embeddable":true,"href":"https:\/\/www.radiocumbrequillota.cl\/index.php\/wp-json\/wp\/v2\/users\/1"}],"replies":[{"embeddable":true,"href":"https:\/\/www.radiocumbrequillota.cl\/index.php\/wp-json\/wp\/v2\/comments?post=759"}],"version-history":[{"count":1,"href":"https:\/\/www.radiocumbrequillota.cl\/index.php\/wp-json\/wp\/v2\/posts\/759\/revisions"}],"predecessor-version":[{"id":761,"href":"https:\/\/www.radiocumbrequillota.cl\/index.php\/wp-json\/wp\/v2\/posts\/759\/revisions\/761"}],"wp:featuredmedia":[{"embeddable":true,"href":"https:\/\/www.radiocumbrequillota.cl\/index.php\/wp-json\/wp\/v2\/media\/760"}],"wp:attachment":[{"href":"https:\/\/www.radiocumbrequillota.cl\/index.php\/wp-json\/wp\/v2\/media?parent=759"}],"wp:term":[{"taxonomy":"category","embeddable":true,"href":"https:\/\/www.radiocumbrequillota.cl\/index.php\/wp-json\/wp\/v2\/categories?post=759"},{"taxonomy":"post_tag","embeddable":true,"href":"https:\/\/www.radiocumbrequillota.cl\/index.php\/wp-json\/wp\/v2\/tags?post=759"}],"curies":[{"name":"wp","href":"https:\/\/api.w.org\/{rel}","templated":true}]}}