{"id":762,"date":"2026-04-23T13:58:48","date_gmt":"2026-04-23T13:58:48","guid":{"rendered":"https:\/\/www.radiocumbrequillota.cl\/?p=762"},"modified":"2026-04-23T13:58:48","modified_gmt":"2026-04-23T13:58:48","slug":"nuevo-tren-limache-puerto-ya-esta-operativo-y-proyecta-elevar-capacidad-en-horas-punta-fuente-la-cruz-alerta","status":"publish","type":"post","link":"https:\/\/www.radiocumbrequillota.cl\/index.php\/2026\/04\/23\/nuevo-tren-limache-puerto-ya-esta-operativo-y-proyecta-elevar-capacidad-en-horas-punta-fuente-la-cruz-alerta\/","title":{"rendered":"Nuevo tren Limache-Puerto ya est\u00e1 operativo y proyecta elevar capacidad en horas punta\/\/Fuente La Cruz Alerta"},"content":{"rendered":"<p>Con un viaje inaugural desde Estaci\u00f3n Puerto, EFE\u00a0 y el Ministerio de Transportes pusieron en marcha este mi\u00e9rcoles el primero de cinco nuevos trenes que se integrar\u00e1n progresivamente al servicio Limache-Puerto. Se trata de una incorporaci\u00f3n clave para una red que viene registrando un fuerte crecimiento de usuarios y que busca responder con mayor frecuencia, m\u00e1s espacio y mejores condiciones de viaje. El nuevo automotor, identificado como SFE12, tiene tres coches y capacidad para transportar a 660 personas por recorrido. Seg\u00fan se inform\u00f3, forma parte de una inversi\u00f3n de 32 millones de d\u00f3lares y su entrada en operaci\u00f3n marca el inicio del refuerzo de flota que permitir\u00e1 aumentar en 20% la oferta de transporte en horarios punta, una vez que las cinco unidades est\u00e9n funcionando, lo que se espera para septiembre. La puesta en servicio se produce en un contexto de demanda r\u00e9cord para EFE\u00a0 Valpara\u00edso. De acuerdo con los antecedentes entregados en la actividad, marzo de 2026 fue el mes con mayor afluencia en la historia del servicio, alcanzando 2.353.082 viajes, lo que refuerza la necesidad de ampliar la capacidad del tren metropolitano que conecta a las provincias de Valpara\u00edso y Marga Marga, adem\u00e1s de su vinculaci\u00f3n con Quillota mediante buses de acercamiento.<\/p>\n<div class=\"code-block code-block-21\" data-ai=\"WzIxLDAsIk1NRCBub3RpY2lhcyAzMDB4MjUwLUEiLCIiLDFd\">\n<div id=\"sas_99069\"><\/div>\n<\/div>\n","protected":false},"excerpt":{"rendered":"<p>Con un viaje inaugural desde Estaci\u00f3n Puerto, EFE\u00a0 y el Ministerio de Transportes pusieron en marcha este mi\u00e9rcoles el primero de cinco nuevos trenes que se integrar\u00e1n progresivamente al servicio Limache-Puerto. Se trata de una incorporaci\u00f3n clave para una red que viene registrando un fuerte crecimiento de usuarios y que busca responder con mayor frecuencia,&#8230;<\/p>\n","protected":false},"author":1,"featured_media":763,"comment_status":"open","ping_status":"open","sticky":false,"template":"","format":"standard","meta":{"footnotes":""},"categories":[6],"tags":[],"class_list":["post-762","post","type-post","status-publish","format-standard","has-post-thumbnail","hentry","category-quillota"],"_links":{"self":[{"href":"https:\/\/www.radiocumbrequillota.cl\/index.php\/wp-json\/wp\/v2\/posts\/762","targetHints":{"allow":["GET"]}}],"collection":[{"href":"https:\/\/www.radiocumbrequillota.cl\/index.php\/wp-json\/wp\/v2\/posts"}],"about":[{"href":"https:\/\/www.radiocumbrequillota.cl\/index.php\/wp-json\/wp\/v2\/types\/post"}],"author":[{"embeddable":true,"href":"https:\/\/www.radiocumbrequillota.cl\/index.php\/wp-json\/wp\/v2\/users\/1"}],"replies":[{"embeddable":true,"href":"https:\/\/www.radiocumbrequillota.cl\/index.php\/wp-json\/wp\/v2\/comments?post=762"}],"version-history":[{"count":1,"href":"https:\/\/www.radiocumbrequillota.cl\/index.php\/wp-json\/wp\/v2\/posts\/762\/revisions"}],"predecessor-version":[{"id":764,"href":"https:\/\/www.radiocumbrequillota.cl\/index.php\/wp-json\/wp\/v2\/posts\/762\/revisions\/764"}],"wp:featuredmedia":[{"embeddable":true,"href":"https:\/\/www.radiocumbrequillota.cl\/index.php\/wp-json\/wp\/v2\/media\/763"}],"wp:attachment":[{"href":"https:\/\/www.radiocumbrequillota.cl\/index.php\/wp-json\/wp\/v2\/media?parent=762"}],"wp:term":[{"taxonomy":"category","embeddable":true,"href":"https:\/\/www.radiocumbrequillota.cl\/index.php\/wp-json\/wp\/v2\/categories?post=762"},{"taxonomy":"post_tag","embeddable":true,"href":"https:\/\/www.radiocumbrequillota.cl\/index.php\/wp-json\/wp\/v2\/tags?post=762"}],"curies":[{"name":"wp","href":"https:\/\/api.w.org\/{rel}","templated":true}]}}