{"id":778,"date":"2026-04-24T02:25:51","date_gmt":"2026-04-24T02:25:51","guid":{"rendered":"https:\/\/www.radiocumbrequillota.cl\/?p=778"},"modified":"2026-04-24T02:25:51","modified_gmt":"2026-04-24T02:25:51","slug":"conocido-conductor-de-buses-en-la-zona-fallecio-en-accidente-de-transito-fuente-la-cruz-alerta","status":"publish","type":"post","link":"https:\/\/www.radiocumbrequillota.cl\/index.php\/2026\/04\/24\/conocido-conductor-de-buses-en-la-zona-fallecio-en-accidente-de-transito-fuente-la-cruz-alerta\/","title":{"rendered":"Conocido conductor de buses en la zona falleci\u00f3 en accidente de tr\u00e1nsito\/\/Fuente La Cruz Alerta"},"content":{"rendered":"<p>Conmoci\u00f3n ha causado en el \u00e1mbito de la locomoci\u00f3n interprovincial e interregional de la zona, el tr\u00e1gico deceso de\u00a0Sigifredo Nolberto Vera Mardones, quien sufri\u00f3 un fatal accidente de tr\u00e1nsito, cuando conduc\u00eda un bus de pasajeros por la Ruta B-24 Norte, a la altura de Tocopilla. El accidente ocurri\u00f3 a las 11:30 horas del martes pasado, cuando un cami\u00f3n (al que al parecer se le revent\u00f3 un neum\u00e1tico) sobrepas\u00f3 el eje central de la calzada e impact\u00f3 al bus que conduc\u00eda Sigifredo Vera, provocando su fallecimiento y de su auxiliar, el joven boliviano Leonel Pareja, adem\u00e1s de dejar a casi una veintena de pasajeros con lesiones de diversa consideraci\u00f3n. Sigifredo Vera Mardones, de 64 a\u00f1os, aunque con residencia familiar en Catapilco, era una persona muy apreciada en La Calera, donde por muchos a\u00f1os condujo buses de las empresas Sol del Pac\u00edfico, Tramaca, Expreso Norte, Horizontes y, actualmente, era conductor de la empresa Cormar.\u00a0 El regreso desde Tocopilla hasta Catapilco del malogrado conductor de buses ha sido colmado de homenajes, donde colegas y amigos lo han despedido emotivamente en varias ciudades del norte del pa\u00eds y se espera su llegada hasta su hogar durante el d\u00eda de este jueves, desarroll\u00e1ndose luego los actos del velatorio y funeral.<\/p>\n","protected":false},"excerpt":{"rendered":"<p>Conmoci\u00f3n ha causado en el \u00e1mbito de la locomoci\u00f3n interprovincial e interregional de la zona, el tr\u00e1gico deceso de\u00a0Sigifredo Nolberto Vera Mardones, quien sufri\u00f3 un fatal accidente de tr\u00e1nsito, cuando conduc\u00eda un bus de pasajeros por la Ruta B-24 Norte, a la altura de Tocopilla. El accidente ocurri\u00f3 a las 11:30 horas del martes pasado,&#8230;<\/p>\n","protected":false},"author":1,"featured_media":779,"comment_status":"open","ping_status":"open","sticky":false,"template":"","format":"standard","meta":{"footnotes":""},"categories":[9],"tags":[],"class_list":["post-778","post","type-post","status-publish","format-standard","has-post-thumbnail","hentry","category-calera"],"_links":{"self":[{"href":"https:\/\/www.radiocumbrequillota.cl\/index.php\/wp-json\/wp\/v2\/posts\/778","targetHints":{"allow":["GET"]}}],"collection":[{"href":"https:\/\/www.radiocumbrequillota.cl\/index.php\/wp-json\/wp\/v2\/posts"}],"about":[{"href":"https:\/\/www.radiocumbrequillota.cl\/index.php\/wp-json\/wp\/v2\/types\/post"}],"author":[{"embeddable":true,"href":"https:\/\/www.radiocumbrequillota.cl\/index.php\/wp-json\/wp\/v2\/users\/1"}],"replies":[{"embeddable":true,"href":"https:\/\/www.radiocumbrequillota.cl\/index.php\/wp-json\/wp\/v2\/comments?post=778"}],"version-history":[{"count":1,"href":"https:\/\/www.radiocumbrequillota.cl\/index.php\/wp-json\/wp\/v2\/posts\/778\/revisions"}],"predecessor-version":[{"id":780,"href":"https:\/\/www.radiocumbrequillota.cl\/index.php\/wp-json\/wp\/v2\/posts\/778\/revisions\/780"}],"wp:featuredmedia":[{"embeddable":true,"href":"https:\/\/www.radiocumbrequillota.cl\/index.php\/wp-json\/wp\/v2\/media\/779"}],"wp:attachment":[{"href":"https:\/\/www.radiocumbrequillota.cl\/index.php\/wp-json\/wp\/v2\/media?parent=778"}],"wp:term":[{"taxonomy":"category","embeddable":true,"href":"https:\/\/www.radiocumbrequillota.cl\/index.php\/wp-json\/wp\/v2\/categories?post=778"},{"taxonomy":"post_tag","embeddable":true,"href":"https:\/\/www.radiocumbrequillota.cl\/index.php\/wp-json\/wp\/v2\/tags?post=778"}],"curies":[{"name":"wp","href":"https:\/\/api.w.org\/{rel}","templated":true}]}}