{"id":794,"date":"2026-04-24T03:00:34","date_gmt":"2026-04-24T03:00:34","guid":{"rendered":"https:\/\/www.radiocumbrequillota.cl\/?p=794"},"modified":"2026-04-24T03:00:34","modified_gmt":"2026-04-24T03:00:34","slug":"tabla-de-posiciones-torneo-asociacion-independiente-viejos-tercios-de-quillota-fuente-cumbre-deportes","status":"publish","type":"post","link":"https:\/\/www.radiocumbrequillota.cl\/index.php\/2026\/04\/24\/tabla-de-posiciones-torneo-asociacion-independiente-viejos-tercios-de-quillota-fuente-cumbre-deportes\/","title":{"rendered":"Tabla de posiciones Torneo Asociacion Independiente Viejos tercios de Quillota\/\/Fuente Cumbre Deportes"},"content":{"rendered":"<div dir=\"auto\">La Asociaci\u00f3n Independiente de F\u00fatbol Viejos Tercios de Quillota disput\u00f3 el pasado fin de semana una nueva jornada por el Campeonato Oficial de Apertura 2026, y tras los resultados que se produjeron, la tabla de posiciones en cada una de las categor\u00edas quedaron de la siguiente manera.<\/div>\n<div dir=\"auto\"><img loading=\"lazy\" decoding=\"async\" class=\"alignnone size-medium wp-image-795\" src=\"https:\/\/www.radiocumbrequillota.cl\/wp-content\/uploads\/2026\/04\/677322600_1252538616867318_5405998421945863515_n-267x300.jpg\" alt=\"\" width=\"267\" height=\"300\" srcset=\"https:\/\/www.radiocumbrequillota.cl\/wp-content\/uploads\/2026\/04\/677322600_1252538616867318_5405998421945863515_n-267x300.jpg 267w, https:\/\/www.radiocumbrequillota.cl\/wp-content\/uploads\/2026\/04\/677322600_1252538616867318_5405998421945863515_n.jpg 424w\" sizes=\"auto, (max-width: 267px) 100vw, 267px\" \/><img loading=\"lazy\" decoding=\"async\" class=\"alignnone size-medium wp-image-796\" src=\"https:\/\/www.radiocumbrequillota.cl\/wp-content\/uploads\/2026\/04\/677715481_1252538610200652_5502038283753588825_n-264x300.jpg\" alt=\"\" width=\"264\" height=\"300\" srcset=\"https:\/\/www.radiocumbrequillota.cl\/wp-content\/uploads\/2026\/04\/677715481_1252538610200652_5502038283753588825_n-264x300.jpg 264w, https:\/\/www.radiocumbrequillota.cl\/wp-content\/uploads\/2026\/04\/677715481_1252538610200652_5502038283753588825_n.jpg 435w\" sizes=\"auto, (max-width: 264px) 100vw, 264px\" \/><\/div>\n","protected":false},"excerpt":{"rendered":"<p>La Asociaci\u00f3n Independiente de F\u00fatbol Viejos Tercios de Quillota disput\u00f3 el pasado fin de semana una nueva jornada por el Campeonato Oficial de Apertura 2026, y tras los resultados que se produjeron, la tabla de posiciones en cada una de las categor\u00edas quedaron de la siguiente manera.<\/p>\n","protected":false},"author":1,"featured_media":0,"comment_status":"open","ping_status":"open","sticky":false,"template":"","format":"standard","meta":{"footnotes":""},"categories":[3],"tags":[],"class_list":["post-794","post","type-post","status-publish","format-standard","hentry","category-deportes"],"_links":{"self":[{"href":"https:\/\/www.radiocumbrequillota.cl\/index.php\/wp-json\/wp\/v2\/posts\/794","targetHints":{"allow":["GET"]}}],"collection":[{"href":"https:\/\/www.radiocumbrequillota.cl\/index.php\/wp-json\/wp\/v2\/posts"}],"about":[{"href":"https:\/\/www.radiocumbrequillota.cl\/index.php\/wp-json\/wp\/v2\/types\/post"}],"author":[{"embeddable":true,"href":"https:\/\/www.radiocumbrequillota.cl\/index.php\/wp-json\/wp\/v2\/users\/1"}],"replies":[{"embeddable":true,"href":"https:\/\/www.radiocumbrequillota.cl\/index.php\/wp-json\/wp\/v2\/comments?post=794"}],"version-history":[{"count":1,"href":"https:\/\/www.radiocumbrequillota.cl\/index.php\/wp-json\/wp\/v2\/posts\/794\/revisions"}],"predecessor-version":[{"id":797,"href":"https:\/\/www.radiocumbrequillota.cl\/index.php\/wp-json\/wp\/v2\/posts\/794\/revisions\/797"}],"wp:attachment":[{"href":"https:\/\/www.radiocumbrequillota.cl\/index.php\/wp-json\/wp\/v2\/media?parent=794"}],"wp:term":[{"taxonomy":"category","embeddable":true,"href":"https:\/\/www.radiocumbrequillota.cl\/index.php\/wp-json\/wp\/v2\/categories?post=794"},{"taxonomy":"post_tag","embeddable":true,"href":"https:\/\/www.radiocumbrequillota.cl\/index.php\/wp-json\/wp\/v2\/tags?post=794"}],"curies":[{"name":"wp","href":"https:\/\/api.w.org\/{rel}","templated":true}]}}