{"id":798,"date":"2026-04-24T03:06:24","date_gmt":"2026-04-24T03:06:24","guid":{"rendered":"https:\/\/www.radiocumbrequillota.cl\/?p=798"},"modified":"2026-04-24T03:06:24","modified_gmt":"2026-04-24T03:06:24","slug":"un-triunfo-y-una-dderrota-tuvieron-las-series-sub-18-y-sub-20-de-san-luis-de-quillota-por-el-torneo-formativo-de-la-anfp-fuente-cumbre-deportes","status":"publish","type":"post","link":"https:\/\/www.radiocumbrequillota.cl\/index.php\/2026\/04\/24\/un-triunfo-y-una-dderrota-tuvieron-las-series-sub-18-y-sub-20-de-san-luis-de-quillota-por-el-torneo-formativo-de-la-anfp-fuente-cumbre-deportes\/","title":{"rendered":"Un triunfo y una dderrota tuvieron las series sub 18 y sub 20 de San Luis de Quillota por el torneo formativo de la ANFP\/\/Fuente Cumbre Deportes"},"content":{"rendered":"<div class=\"x14z9mp xat24cr x1lziwak x1vvkbs xtlvy1s x126k92a\">\n<div dir=\"auto\">Durante el pasado fin de semana las categor\u00edas sub y sub 20 de San Luis de Quillota viajaron a la Regi\u00f3n Metropolitana para enfrentar a su similar de Club Atl\u00e9tico Colina por Torneo Regional F\u00fatbol Formativo organizado por la Asociaci\u00f3n Nacional de F\u00fatbol Profesional, oportunidad en que obtuvieron un triunfo y una derrota ante la escuadra capitalina.<\/div>\n<\/div>\n<div class=\"x14z9mp xat24cr x1lziwak x1vvkbs xtlvy1s x126k92a\">\n<div dir=\"auto\">\ud835\udc13\ud835\udc28\ud835\udc2b\ud835\udc27\ud835\udc1e\ud835\udc28 \ud835\udc11\ud835\udc1e\ud835\udc20\ud835\udc22\ud835\udc28\ud835\udc27\ud835\udc1a\ud835\udc25 \ud835\udc05\ud835\udc2e\u0301\ud835\udc2d\ud835\udc1b\ud835\udc28\ud835\udc25 \ud835\udc05\ud835\udc28\ud835\udc2b\ud835\udc26\ud835\udc1a\ud835\udc2d\ud835\udc22\ud835\udc2f\ud835\udc28 \ud835\udfd0\ud835\udfce\ud835\udfd0\ud835\udfd4 &#8211; \ud835\udc00\ud835\udc2c\ud835\udc28\ud835\udc1c\ud835\udc22\ud835\udc1a\ud835\udc1c\ud835\udc22\ud835\udc28\u0301\ud835\udc27 \ud835\udc0d\ud835\udc1a\ud835\udc1c\ud835\udc22\ud835\udc28\ud835\udc27\ud835\udc1a\ud835\udc25 \ud835\udc1d\ud835\udc1e \ud835\udc05\ud835\udc2e\u0301\ud835\udc2d\ud835\udc1b\ud835\udc28\ud835\udc25 \ud835\udc0f\ud835\udc2b\ud835\udc28\ud835\udc1f\ud835\udc1e\ud835\udc2c\ud835\udc22\ud835\udc28\ud835\udc27\ud835\udc1a\ud835\udc25.<\/div>\n<\/div>\n<div class=\"x14z9mp xat24cr x1lziwak x1vvkbs xtlvy1s x126k92a\">\n<div dir=\"auto\">\ud835\udc12\ud835\udc1e\ud835\udc2b\ud835\udc22\ud835\udc1e \ud835\udc2c\ud835\udc2e\ud835\udc1b \ud835\udfcf\ud835\udfd6 \ud835\udc1d\ud835\udc1e \ud835\udc02\ud835\udc25\ud835\udc2e\ud835\udc1b \ud835\udc00\ud835\udc2d\ud835\udc25\ud835\udc1e\u0301\ud835\udc2d\ud835\udc22\ud835\udc1c\ud835\udc28 \ud835\udc02\ud835\udc28\ud835\udc25\ud835\udc22\ud835\udc27\ud835\udc1a \ud835\udfcf.<\/div>\n<div dir=\"auto\">\ud835\udc12\ud835\udc1e\ud835\udc2b\ud835\udc22\ud835\udc1e \ud835\udc2c\ud835\udc2e\ud835\udc1b \ud835\udfcf\ud835\udfd6 \ud835\udc1d\ud835\udc1e \ud835\udc02\ud835\udc25\ud835\udc2e\ud835\udc1b \ud835\udc12\ud835\udc1a\ud835\udc27 \ud835\udc0b\ud835\udc2e\ud835\udc22\ud835\udc2c \ud835\udc1d\ud835\udc1e \ud835\udc10\ud835\udc2e\ud835\udc22\ud835\udc25\ud835\udc25\ud835\udc28\ud835\udc2d\ud835\udc1a \ud835\udfd1: Mateo Soto, Francesco Pizarro, Leonardo Torres.<\/div>\n<\/div>\n<div class=\"x14z9mp xat24cr x1lziwak x1vvkbs xtlvy1s x126k92a\">\n<div dir=\"auto\">\ud835\udc12\ud835\udc1e\ud835\udc2b\ud835\udc22\ud835\udc1e \ud835\udc2c\ud835\udc2e\ud835\udc1b \ud835\udfd0\ud835\udfce \ud835\udc1d\ud835\udc1e \ud835\udc02\ud835\udc25\ud835\udc2e\ud835\udc1b \ud835\udc00\ud835\udc2d\ud835\udc25\ud835\udc1e\u0301\ud835\udc2d\ud835\udc22\ud835\udc1c\ud835\udc28 \ud835\udc02\ud835\udc28\ud835\udc25\ud835\udc22\ud835\udc27\ud835\udc1a \ud835\udfd3.<\/div>\n<div dir=\"auto\">\ud835\udc12\ud835\udc1e\ud835\udc2b\ud835\udc22\ud835\udc1e \ud835\udc2c\ud835\udc2e\ud835\udc1b \ud835\udfd0\ud835\udfce \ud835\udc1d\ud835\udc1e \ud835\udc02\ud835\udc25\ud835\udc2e\ud835\udc1b \ud835\udc12\ud835\udc1a\ud835\udc27 \ud835\udc0b\ud835\udc2e\ud835\udc22\ud835\udc2c \ud835\udc1d\ud835\udc1e \ud835\udc10\ud835\udc2e\ud835\udc22\ud835\udc25\ud835\udc25\ud835\udc28\ud835\udc2d\ud835\udc1a \ud835\udfd0: Javier Castro, Pablo Mill\u00e1n.<\/div>\n<\/div>\n","protected":false},"excerpt":{"rendered":"<p>Durante el pasado fin de semana las categor\u00edas sub y sub 20 de San Luis de Quillota viajaron a la Regi\u00f3n Metropolitana para enfrentar a su similar de Club Atl\u00e9tico Colina por Torneo Regional F\u00fatbol Formativo organizado por la Asociaci\u00f3n Nacional de F\u00fatbol Profesional, oportunidad en que obtuvieron un triunfo y una derrota ante la&#8230;<\/p>\n","protected":false},"author":1,"featured_media":799,"comment_status":"open","ping_status":"open","sticky":false,"template":"","format":"standard","meta":{"footnotes":""},"categories":[3],"tags":[],"class_list":["post-798","post","type-post","status-publish","format-standard","has-post-thumbnail","hentry","category-deportes"],"_links":{"self":[{"href":"https:\/\/www.radiocumbrequillota.cl\/index.php\/wp-json\/wp\/v2\/posts\/798","targetHints":{"allow":["GET"]}}],"collection":[{"href":"https:\/\/www.radiocumbrequillota.cl\/index.php\/wp-json\/wp\/v2\/posts"}],"about":[{"href":"https:\/\/www.radiocumbrequillota.cl\/index.php\/wp-json\/wp\/v2\/types\/post"}],"author":[{"embeddable":true,"href":"https:\/\/www.radiocumbrequillota.cl\/index.php\/wp-json\/wp\/v2\/users\/1"}],"replies":[{"embeddable":true,"href":"https:\/\/www.radiocumbrequillota.cl\/index.php\/wp-json\/wp\/v2\/comments?post=798"}],"version-history":[{"count":1,"href":"https:\/\/www.radiocumbrequillota.cl\/index.php\/wp-json\/wp\/v2\/posts\/798\/revisions"}],"predecessor-version":[{"id":800,"href":"https:\/\/www.radiocumbrequillota.cl\/index.php\/wp-json\/wp\/v2\/posts\/798\/revisions\/800"}],"wp:featuredmedia":[{"embeddable":true,"href":"https:\/\/www.radiocumbrequillota.cl\/index.php\/wp-json\/wp\/v2\/media\/799"}],"wp:attachment":[{"href":"https:\/\/www.radiocumbrequillota.cl\/index.php\/wp-json\/wp\/v2\/media?parent=798"}],"wp:term":[{"taxonomy":"category","embeddable":true,"href":"https:\/\/www.radiocumbrequillota.cl\/index.php\/wp-json\/wp\/v2\/categories?post=798"},{"taxonomy":"post_tag","embeddable":true,"href":"https:\/\/www.radiocumbrequillota.cl\/index.php\/wp-json\/wp\/v2\/tags?post=798"}],"curies":[{"name":"wp","href":"https:\/\/api.w.org\/{rel}","templated":true}]}}