{"id":813,"date":"2026-04-24T13:19:26","date_gmt":"2026-04-24T13:19:26","guid":{"rendered":"https:\/\/www.radiocumbrequillota.cl\/?p=813"},"modified":"2026-04-24T13:36:09","modified_gmt":"2026-04-24T13:36:09","slug":"deportes-limache-desvinculo-a-cesar-pinares-tras-acido-comentario-futbolistico-de-su-esposa-en-redes-fuente-cumbre-deportes","status":"publish","type":"post","link":"https:\/\/www.radiocumbrequillota.cl\/index.php\/2026\/04\/24\/deportes-limache-desvinculo-a-cesar-pinares-tras-acido-comentario-futbolistico-de-su-esposa-en-redes-fuente-cumbre-deportes\/","title":{"rendered":"Deportes Limache desvincul\u00f3 a C\u00e9sar Pinares tras \u00e1cido comentario futbol\u00edstico de su esposa en redes\/\/Fuente Cumbre Deportes"},"content":{"rendered":"<p>Deportes Limache confirm\u00f3 la salida de C\u00e9sar Pinares en medio de una pol\u00e9mica que involucr\u00f3 a su entorno y encendi\u00f3 las redes sociales. Tras un comentario de su esposa criticando decisiones del t\u00e9cnico, el jugador qued\u00f3 fuera de la citaci\u00f3n del equipo y finalmente se desvincul\u00f3. La instituci\u00f3n agradeci\u00f3 su dedicaci\u00f3n y profesionalismo, destacando que la decisi\u00f3n se tom\u00f3 en buenos t\u00e9rminos principalmente por factores personales. Pinares eval\u00faa una posible oportunidad laboral en el extranjero, lo que influy\u00f3 en el cierre de esta etapa.<\/p>\n<p>Todo comenz\u00f3 el pasado 11 de abril, cuando\u00a0Pinares dej\u00f3 la cancha en el minuto 69 durante la derrota por la cuenta m\u00ednima ante Palestino, en La Cisterna.<\/p>\n<h2 class=\"wp-block-heading\"><strong>El mensaje de la esposa de C\u00e9sar Pinares que encendi\u00f3 las redes<\/strong><\/h2>\n<p>Tras ese partido, y luego de un primer reclamo del propio jugador por el arbitraje,\u00a0su esposa, Ana Gonz\u00e1lez, public\u00f3 un comentario en Instagram que encendi\u00f3 el debate.<\/p>\n<p>\u201cNo y los cambios weones\u201d, frase que, a todas luces, apunt\u00f3 directamente a las decisiones del t\u00e9cnico V\u00edctor Rivero y gener\u00f3 m\u00faltiples reacciones.<\/p>\n<p>Poco despu\u00e9s, el mediocampista qued\u00f3 fuera de la citaci\u00f3n del equipo, lo que\u00a0<strong>l<\/strong>o margin\u00f3 del duelo siguiente ante Universidad de Concepci\u00f3n en Quillota, donde Limache se impuso por un claro 3-0.<\/p>\n<p>Con el paso de los d\u00edas, la situaci\u00f3n\u00a0se resolvi\u00f3 internamente hasta llegar a la desvinculaci\u00f3n del ahora ex capit\u00e1n del equipo.<\/p>\n","protected":false},"excerpt":{"rendered":"<p>Deportes Limache confirm\u00f3 la salida de C\u00e9sar Pinares en medio de una pol\u00e9mica que involucr\u00f3 a su entorno y encendi\u00f3 las redes sociales. Tras un comentario de su esposa criticando decisiones del t\u00e9cnico, el jugador qued\u00f3 fuera de la citaci\u00f3n del equipo y finalmente se desvincul\u00f3. La instituci\u00f3n agradeci\u00f3 su dedicaci\u00f3n y profesionalismo, destacando que&#8230;<\/p>\n","protected":false},"author":1,"featured_media":814,"comment_status":"open","ping_status":"open","sticky":false,"template":"","format":"standard","meta":{"footnotes":""},"categories":[3],"tags":[],"class_list":["post-813","post","type-post","status-publish","format-standard","has-post-thumbnail","hentry","category-deportes"],"_links":{"self":[{"href":"https:\/\/www.radiocumbrequillota.cl\/index.php\/wp-json\/wp\/v2\/posts\/813","targetHints":{"allow":["GET"]}}],"collection":[{"href":"https:\/\/www.radiocumbrequillota.cl\/index.php\/wp-json\/wp\/v2\/posts"}],"about":[{"href":"https:\/\/www.radiocumbrequillota.cl\/index.php\/wp-json\/wp\/v2\/types\/post"}],"author":[{"embeddable":true,"href":"https:\/\/www.radiocumbrequillota.cl\/index.php\/wp-json\/wp\/v2\/users\/1"}],"replies":[{"embeddable":true,"href":"https:\/\/www.radiocumbrequillota.cl\/index.php\/wp-json\/wp\/v2\/comments?post=813"}],"version-history":[{"count":4,"href":"https:\/\/www.radiocumbrequillota.cl\/index.php\/wp-json\/wp\/v2\/posts\/813\/revisions"}],"predecessor-version":[{"id":818,"href":"https:\/\/www.radiocumbrequillota.cl\/index.php\/wp-json\/wp\/v2\/posts\/813\/revisions\/818"}],"wp:featuredmedia":[{"embeddable":true,"href":"https:\/\/www.radiocumbrequillota.cl\/index.php\/wp-json\/wp\/v2\/media\/814"}],"wp:attachment":[{"href":"https:\/\/www.radiocumbrequillota.cl\/index.php\/wp-json\/wp\/v2\/media?parent=813"}],"wp:term":[{"taxonomy":"category","embeddable":true,"href":"https:\/\/www.radiocumbrequillota.cl\/index.php\/wp-json\/wp\/v2\/categories?post=813"},{"taxonomy":"post_tag","embeddable":true,"href":"https:\/\/www.radiocumbrequillota.cl\/index.php\/wp-json\/wp\/v2\/tags?post=813"}],"curies":[{"name":"wp","href":"https:\/\/api.w.org\/{rel}","templated":true}]}}