{"id":826,"date":"2026-04-25T03:42:45","date_gmt":"2026-04-25T03:42:45","guid":{"rendered":"https:\/\/www.radiocumbrequillota.cl\/?p=826"},"modified":"2026-04-25T03:42:45","modified_gmt":"2026-04-25T03:42:45","slug":"dos-alumnos-asaltaron-con-cuchillos-a-un-chofer-de-uber-y-le-robaron-el-automovil","status":"publish","type":"post","link":"https:\/\/www.radiocumbrequillota.cl\/index.php\/2026\/04\/25\/dos-alumnos-asaltaron-con-cuchillos-a-un-chofer-de-uber-y-le-robaron-el-automovil\/","title":{"rendered":"Dos alumnos asaltaron con cuchillos a un chofer de Uber y le robaron el autom\u00f3vil"},"content":{"rendered":"<p>Dos estudiantes de un liceo t\u00e9cnico particular subvencionado de La Calera fueron acusados del robo con intimidaci\u00f3n de un autom\u00f3vil de la aplicaci\u00f3n Uber, luego que el conductor recurriera a Carabineros, luego que los menores de edad lo atacaron con cuchillos, exigiendo la entrega del autom\u00f3vil que conduc\u00eda.\u00a0\u00a0El hecho denunciado ocurri\u00f3 unos minutos antes de las ocho de la ma\u00f1ana de ayer jueves, cuando recibi\u00f3 un llamado solicitando sus servicios, por lo que se dirigi\u00f3 hasta el pasaje\u00a0Ovalle con Calama, subiendo ambos menores al m\u00f3vil y uno de ellos se sent\u00f3 al lado del conductor y el otro en el asiento posterior. Apenas transcurrido un leve tramo de la carrera, el muchacho del costado del chofer lo intimid\u00f3\u00a0poniendo un cuchillo en el est\u00f3mago del conductor mientras el otro menor les puso la hoja del cuchillo en el cuello del chofer, mientras le exig\u00edan que se bajara y les dejara el m\u00f3vil a disposici\u00f3n de ellos, que luego con el veh\u00edculo en su poder huyeron hac\u00eda el sur de La Calera. Luego de la denuncia de la v\u00edctima del robo con intimidaci\u00f3n, los familiares de los dos menores, enterados de la grave acusaci\u00f3n por robo con intimidaci\u00f3n que afectaba a sus hijos, llegaron hasta la unidad policial de Carabineros, para conocer m\u00e1s antecedentes de la denuncia, que llevar\u00e1 a los dos estudiantes a enfrentar graves cargos ante la justicia.<\/p>\n","protected":false},"excerpt":{"rendered":"<p>Dos estudiantes de un liceo t\u00e9cnico particular subvencionado de La Calera fueron acusados del robo con intimidaci\u00f3n de un autom\u00f3vil de la aplicaci\u00f3n Uber, luego que el conductor recurriera a Carabineros, luego que los menores de edad lo atacaron con cuchillos, exigiendo la entrega del autom\u00f3vil que conduc\u00eda.\u00a0\u00a0El hecho denunciado ocurri\u00f3 unos minutos antes de&#8230;<\/p>\n","protected":false},"author":1,"featured_media":827,"comment_status":"open","ping_status":"open","sticky":false,"template":"","format":"standard","meta":{"footnotes":""},"categories":[4],"tags":[],"class_list":["post-826","post","type-post","status-publish","format-standard","has-post-thumbnail","hentry","category-policial"],"_links":{"self":[{"href":"https:\/\/www.radiocumbrequillota.cl\/index.php\/wp-json\/wp\/v2\/posts\/826","targetHints":{"allow":["GET"]}}],"collection":[{"href":"https:\/\/www.radiocumbrequillota.cl\/index.php\/wp-json\/wp\/v2\/posts"}],"about":[{"href":"https:\/\/www.radiocumbrequillota.cl\/index.php\/wp-json\/wp\/v2\/types\/post"}],"author":[{"embeddable":true,"href":"https:\/\/www.radiocumbrequillota.cl\/index.php\/wp-json\/wp\/v2\/users\/1"}],"replies":[{"embeddable":true,"href":"https:\/\/www.radiocumbrequillota.cl\/index.php\/wp-json\/wp\/v2\/comments?post=826"}],"version-history":[{"count":1,"href":"https:\/\/www.radiocumbrequillota.cl\/index.php\/wp-json\/wp\/v2\/posts\/826\/revisions"}],"predecessor-version":[{"id":828,"href":"https:\/\/www.radiocumbrequillota.cl\/index.php\/wp-json\/wp\/v2\/posts\/826\/revisions\/828"}],"wp:featuredmedia":[{"embeddable":true,"href":"https:\/\/www.radiocumbrequillota.cl\/index.php\/wp-json\/wp\/v2\/media\/827"}],"wp:attachment":[{"href":"https:\/\/www.radiocumbrequillota.cl\/index.php\/wp-json\/wp\/v2\/media?parent=826"}],"wp:term":[{"taxonomy":"category","embeddable":true,"href":"https:\/\/www.radiocumbrequillota.cl\/index.php\/wp-json\/wp\/v2\/categories?post=826"},{"taxonomy":"post_tag","embeddable":true,"href":"https:\/\/www.radiocumbrequillota.cl\/index.php\/wp-json\/wp\/v2\/tags?post=826"}],"curies":[{"name":"wp","href":"https:\/\/api.w.org\/{rel}","templated":true}]}}